{"id":23295,"date":"2009-09-02T17:46:05","date_gmt":"2009-09-02T17:46:05","guid":{"rendered":"https:\/\/obscom.intervozes.org.br\/wordpress\/?p=23295"},"modified":"2014-09-07T02:58:40","modified_gmt":"2014-09-07T02:58:40","slug":"empresas-anunciam-restricao-de-publicidade-de-alimentos-para-criancas","status":"publish","type":"post","link":"https:\/\/obscom.intervozes.org.br\/?p=23295","title":{"rendered":"Empresas anunciam restri\u00e7\u00e3o de publicidade de alimentos para crian\u00e7as"},"content":{"rendered":"<p>   \t \t \t \t \t<!-- \t\t@page { margin: 2cm } \t\tP { margin-bottom: 0.21cm } \t--> \t   <\/p>\n<p style=\"margin-bottom: 0cm\" class=\"padrao\">Em 25 de agosto, 24 empresas do setor aliment&iacute;cio, representadas pela Associa&ccedil;&atilde;o Brasileira da Ind&uacute;stria de Alimentos (Abia) e pela Associa&ccedil;&atilde;o Brasileira dos Anunciantes (Aba), anunciaram um compromisso p&uacute;blico que prev&ecirc; a autorregulamenta&ccedil;&atilde;o de publicidade de alimentos dirigida a crian&ccedil;as no Brasil.<\/p>\n<p>Assinaram o documento Ambev, Batavo, Bob&rsquo;s, Burger King, Cadbury, Coca-Cola Brasil, Danone, Eleg&ecirc;, Ferrero&nbsp; do Brasil, Garoto, General Milss Brasil, Grupo Bimbo, Grupo Schincariol, Kellogg&rsquo;s, Kraft Fojosdireitoaco, Mars Brasil, McDonald&rsquo;s, Nestl&eacute; Brasil, Parmalat Brasil, PepsiCo Alimentos, PepsiCo Bebidas, Perdig&atilde;o, Sadia e Unilever Brasil.<\/p>\n<p>In&eacute;dita no Pa&iacute;s, a iniciativa deu-se ap&oacute;s intenso debate entre o Poder P&uacute;blico, o mercado e entidades a respeito dos impactos negativos da comunica&ccedil;&atilde;o mercadol&oacute;gica voltada para o p&uacute;blico infantil, que, comprovadamente, contribui para os altos &iacute;ndices de obesidade e outros problemas de sa&uacute;de decorrentes da ingest&atilde;o de alimentos com alto teor de a&ccedil;&uacute;car, s&oacute;dio e gorduras trans e saturadas.<\/p>\n<p>Para a equipe do Projeto Crian&ccedil;a e Consumo, do Instituto Alana, a a&ccedil;&atilde;o &eacute; um passo importante na defesa dos direitos das crian&ccedil;as. &ldquo;Esse compromisso representa um avan&ccedil;o nas discuss&otilde;es em torno da publicidade voltada para o p&uacute;blico infanto-juvenil no Brasil e um reconhecimento da ind&uacute;stria aliment&iacute;cia de que a publicidade &eacute; fator de influ&ecirc;ncia no consumo excessivo de alimentos n&atilde;o saud&aacute;veis, bem como nos crescentes &iacute;ndices de obesidade infantil. Esperamos que o compromisso fortale&ccedil;a uma postura empresarial mais respons&aacute;vel&rdquo;, afirma Isabella Henriques, coordenadora geral do Crian&ccedil;a e Consumo.&nbsp; <\/p>\n<p>As empresas signat&aacute;rias devem seguir tr&ecirc;s regras estabelecidas pelo documento, dentre as quais est&aacute; n&atilde;o mais anunciar produtos pouco nutritivos para crian&ccedil;as de at&eacute; 12 anos de idade. Cada companhia dever&aacute; preparar seus pr&oacute;prios c&oacute;digos de conduta para a quest&atilde;o at&eacute; o fim deste ano.<\/p>\n<p>O presidente da Abia, Edmundo Klotz, classificou a a&ccedil;&atilde;o como &ldquo;volunt&aacute;ria e espont&acirc;nea.&rdquo; Isabella Henriques acredita que a press&atilde;o da sociedade como um todo e, especialmente, a Consulta P&uacute;blica n&ordm; 71 da Anvisa para a regulamenta&ccedil;&atilde;o estatal da quest&atilde;o tiveram influ&ecirc;ncia na decis&atilde;o das empresas. &ldquo;N&atilde;o h&aacute; d&uacute;vidas de que os encontros promovidos pela Ag&ecirc;ncia ao longo dos &uacute;ltimos tr&ecirc;s anos tiveram grande import&acirc;ncia para a constru&ccedil;&atilde;o do documento apresentado por essas empresas. Esse &eacute; fruto de uma sociedade democr&aacute;tica, que busca o consenso e o di&aacute;logo entre os diversos interesses&rdquo;, lembra Isabella.<\/p>\n<p>J&aacute; o vice-presidente da Aba, Rafael Sampaio, aproveitou o an&uacute;ncio do compromisso para reafirmar a posi&ccedil;&atilde;o da entidade com rela&ccedil;&atilde;o &agrave;s discuss&otilde;es de regulamenta&ccedil;&atilde;o publicit&aacute;ria no Minist&eacute;rio da Sa&uacute;de e de projetos de lei em tr&acirc;mite no Congresso Nacional: &ldquo;O Conar tem um c&oacute;digo exemplar e, esse documento reafirma o compromisso da ind&uacute;stria com essa quest&atilde;o. Mas &eacute; preciso ter cuidado com posturas anacr&ocirc;nicas. Jamais devemos deixar de falar com o p&uacute;blico infantil, pois ele deve se preparar para viver no mundo do consumo respons&aacute;vel.&rdquo;<\/p>\n<p>A coordenadora do Projeto Crian&ccedil;a e Consumo, no entanto, chama a aten&ccedil;&atilde;o para os impactos negativos do consumo desenfreado no desenvolvimento saud&aacute;vel de crian&ccedil;as. &ldquo;As rela&ccedil;&otilde;es de consumo s&atilde;o extremamente complexas e exigem um grau de consci&ecirc;ncia que uma crian&ccedil;a n&atilde;o tem. At&eacute; os 12 anos de idade, a crian&ccedil;a ainda est&aacute; em processo de forma&ccedil;&atilde;o f&iacute;sica e ps&iacute;quica, por isso n&atilde;o compreende plenamente a linguagem persuasiva da comunica&ccedil;&atilde;o mercadol&oacute;gica&rdquo;, explica. &ldquo;Por isso, &eacute; importante que essa iniciativa do setor aliment&iacute;cio n&atilde;o iniba o Poder P&uacute;blico de continuar a trabalhar a quest&atilde;o de maneira uniforme, para criar regras v&aacute;lidas perante todas as empresas do segmento aliment&iacute;cio e n&atilde;o s&oacute; &agrave;s signat&aacute;rias do compromisso, bem como com a previs&atilde;o de san&ccedil;&otilde;es e normas ainda mais contundentes na defesa dos direitos das crian&ccedil;as.&rdquo; finaliza.<\/p>\n<p>Em setembro de 2008, o Conselho Federal de Psicologia divulgou uma cartilha em que esclarece as raz&otilde;es pelas quais as publicidades dirigidas &agrave;s crian&ccedil;as s&atilde;o prejudiciais ao desenvolvimento infantil. Outros estudos, em todo o mundo, tamb&eacute;m apontam para problemas relacionados ao investimento maci&ccedil;o do mercado publicit&aacute;rio em crian&ccedil;as de at&eacute; 12 anos.<\/p>\n<p><a href=\"http:\/\/www.alana.org.br\/banco_arquivos\/File\/mats\/abia,%20aba%20e%20industrias%20firmam%20compromisso%20com%20publicidade.pdf\" target=\"_blank\">Leia a &iacute;ntegra do compromisso assinado pelas 24 empresas<\/a> <\/p>\n<p><a href=\"http:\/\/localhost\/intervozes_direitoacomunicacao\/wordpress\/?p=17943\" target=\"_blank\">Entenda o processo dos compromissos assinados por empresas multinacionais na Europa e nos EUA<\/a> <br \/><a href=\"http:\/\/www.alana.org.br\/CriancaConsumo\/Educacao.aspx?v=2&amp;vold=1&amp;id=26\" target=\"_blank\"><br \/>Conhe&ccedil;a o levantamento realizado pelo Idec e pelo Instituto Alana sobre a comunica&ccedil;&atilde;o mercadol&oacute;gica de empresas globais<\/a> <br \/><a href=\"http:\/\/www.pol.org.br\/pol\/cms\/pol\/publicacoes\/cartilhas\/cartilhas_081015_001.html\" target=\"_blank\"><br \/>Fa&ccedil;a o download gratuito da cartilha do Conselho Federal de Psicologia<\/a> <\/p>\n","protected":false},"excerpt":{"rendered":"<p>Em 25 de agosto, 24 empresas do setor aliment&iacute;cio, representadas pela Associa&ccedil;&atilde;o Brasileira da Ind&uacute;stria de Alimentos (Abia) e pela Associa&ccedil;&atilde;o Brasileira dos Anunciantes (Aba), anunciaram um compromisso p&uacute;blico que prev&ecirc; a autorregulamenta&ccedil;&atilde;o de publicidade de alimentos dirigida a crian&ccedil;as no Brasil. Assinaram o documento Ambev, Batavo, Bob&rsquo;s, Burger King, Cadbury, Coca-Cola Brasil, Danone, Eleg&ecirc;, &hellip; <a href=\"https:\/\/obscom.intervozes.org.br\/?p=23295\" class=\"more-link\">Continue lendo <span class=\"screen-reader-text\">Empresas anunciam restri\u00e7\u00e3o de publicidade de alimentos para crian\u00e7as<\/span> <span class=\"meta-nav\">&rarr;<\/span><\/a><\/p>\n","protected":false},"author":1,"featured_media":0,"comment_status":"open","ping_status":"open","sticky":false,"template":"","format":"standard","meta":{"footnotes":""},"categories":[40],"tags":[1102],"_links":{"self":[{"href":"https:\/\/obscom.intervozes.org.br\/index.php?rest_route=\/wp\/v2\/posts\/23295"}],"collection":[{"href":"https:\/\/obscom.intervozes.org.br\/index.php?rest_route=\/wp\/v2\/posts"}],"about":[{"href":"https:\/\/obscom.intervozes.org.br\/index.php?rest_route=\/wp\/v2\/types\/post"}],"author":[{"embeddable":true,"href":"https:\/\/obscom.intervozes.org.br\/index.php?rest_route=\/wp\/v2\/users\/1"}],"replies":[{"embeddable":true,"href":"https:\/\/obscom.intervozes.org.br\/index.php?rest_route=%2Fwp%2Fv2%2Fcomments&post=23295"}],"version-history":[{"count":1,"href":"https:\/\/obscom.intervozes.org.br\/index.php?rest_route=\/wp\/v2\/posts\/23295\/revisions"}],"predecessor-version":[{"id":28040,"href":"https:\/\/obscom.intervozes.org.br\/index.php?rest_route=\/wp\/v2\/posts\/23295\/revisions\/28040"}],"wp:attachment":[{"href":"https:\/\/obscom.intervozes.org.br\/index.php?rest_route=%2Fwp%2Fv2%2Fmedia&parent=23295"}],"wp:term":[{"taxonomy":"category","embeddable":true,"href":"https:\/\/obscom.intervozes.org.br\/index.php?rest_route=%2Fwp%2Fv2%2Fcategories&post=23295"},{"taxonomy":"post_tag","embeddable":true,"href":"https:\/\/obscom.intervozes.org.br\/index.php?rest_route=%2Fwp%2Fv2%2Ftags&post=23295"}],"curies":[{"name":"wp","href":"https:\/\/api.w.org\/{rel}","templated":true}]}}