{"id":23293,"date":"2009-09-02T17:27:47","date_gmt":"2009-09-02T17:27:47","guid":{"rendered":"https:\/\/obscom.intervozes.org.br\/wordpress\/?p=23293"},"modified":"2009-09-02T17:27:47","modified_gmt":"2009-09-02T17:27:47","slug":"comissao-de-defesa-do-consumidor-conclui-votacao-de-projeto","status":"publish","type":"post","link":"https:\/\/obscom.intervozes.org.br\/?p=23293","title":{"rendered":"Comiss\u00e3o de Defesa do Consumidor conclui vota\u00e7\u00e3o de projeto"},"content":{"rendered":"<p> \t \t \t \t<!-- \t\t@page { margin: 2cm } \t\tP { margin-bottom: 0.21cm } \t--> \t  <\/p>\n<p style=\"margin-bottom: 0cm\" class=\"padrao\"><em>[T&iacute;tulo original:<a name=\"lblTitulo\" title=\"lblTitulo\"><\/a><a name=\"lblTexto\" title=\"lblTexto\"><\/a> Comiss&atilde;o conclui vota&ccedil;&atilde;o do PL 29, com dois destaques aprovados]<\/em><\/p>\n<p>A Comiss&atilde;o de Defesa do Consumidor (CDC) da C&acirc;mara dos Deputados cumpriu a promessa feita na semana passada e concluiu nesta quarta-feira, 2, a vota&ccedil;&atilde;o do PL 29, que consolida regras para o ramo de TV por assinatura e para a veicula&ccedil;&atilde;o de conte&uacute;do audiovisual produzido no Brasil. Agora o projeto segue para a Comiss&atilde;o de Ci&ecirc;ncia, Tecnologia, Comunica&ccedil;&atilde;o e Inform&aacute;tica.<\/p>\n<p>A vota&ccedil;&atilde;o acabou sendo mais tranquila do que o esperado e dois dos 11 destaques apresentados foram aprovados pelos parlamentares. As outras nove propostas de altera&ccedil;&atilde;o no texto b&aacute;sico do projeto sequer foram votadas: um acordo com os autores garantiu que os pedidos fossem retirados de pauta. <\/p>\n<p>Dessa forma, apenas os destaques 9 e 11 foram analisados e aprovados pelos deputados. O destaque n&ordm; 11 retirou do projeto o conceito de &quot;espa&ccedil;o qualificado restrito&quot;, deixando apenas a defini&ccedil;&atilde;o mais ampla de &quot;espa&ccedil;o qualificado&quot;. Vale lembrar que, para definir regras e, principalmente, cotas, o PL trabalha com o conceito de espa&ccedil;o qualificado na grade dos canais, que seria formado por teledramaturgia e programas de variedades, sendo exclu&iacute;do o tempo dedicado ao jornalismo. A diferen&ccedil;a entre espa&ccedil;o qualificado e espa&ccedil;o qualificado restrito &eacute; que, no espa&ccedil;o restrito, eram exclu&iacute;dos tamb&eacute;m as horas de veicula&ccedil;&atilde;o de programas de audit&oacute;rio e de debates. <\/p>\n<p>J&aacute; o segundo destaque aprovado, de n&ordm; 9, fala das pol&ecirc;micas cotas de veicula&ccedil;&atilde;o de conte&uacute;do nacional. Os deputados acabaram concordando em alterar a reda&ccedil;&atilde;o do PL seguindo a proposta do deputado Walter Ihoshi (DEM\/SP). <\/p>\n<p>A nova reda&ccedil;&atilde;o do projeto define que, em todos os canais com programa&ccedil;&atilde;o majoritariamente ocupada por espa&ccedil;o qualificado (filmes, seriados etc), devem ser veiculadas no m&iacute;nimo tr&ecirc;s horas e meia semanais de conte&uacute;do brasileiro, sendo metade desta produ&ccedil;&atilde;o criada por produtoras independentes. Tamb&eacute;m define que 10% do conte&uacute;do vendido na modalidade avulsa ou em cat&aacute;logo deve ser brasileiro. Com isso, praticamente todos os canais estrangeiros ter&atilde;o que destinar espa&ccedil;o &agrave; produ&ccedil;&atilde;o nacional. <\/p>\n<p>A estrat&eacute;gia do deputado Wladimir Costa (PMDB\/PA) de apresentar um voto em separado, ap&oacute;s ter perdido o prazo para entregar destaques, n&atilde;o funcionou. Como o texto base j&aacute; havia sido aprovado h&aacute; duas semanas, n&atilde;o cabia mais a delibera&ccedil;&atilde;o sobre &quot;votos em separado&quot;. Assim, quest&otilde;es como a venda a la carte e a proibi&ccedil;&atilde;o de cobran&ccedil;a mensal do ponto extra, que eram contestadas apenas no voto de Costa, n&atilde;o foram discutidas. <\/p>\n<p>De volta &agrave; CCTCI <\/p>\n<p>A reuni&atilde;o de hoje p&otilde;e fim &agrave; tramita&ccedil;&atilde;o do PL 29 na CDC, onde ficou pouco mais de um ano. Agora o projeto retornar&aacute; &agrave; Comiss&atilde;o de Ci&ecirc;ncia e Tecnologia, Comunica&ccedil;&atilde;o e Inform&aacute;tica (CCTCI), considerada a comiss&atilde;o de m&eacute;rito do projeto. Por isso mesmo, os deputados acreditam que quest&otilde;es pol&ecirc;micas como a regula&ccedil;&atilde;o de Internet devem ser reacendidas na CCTCI. Este e outros assuntos sens&iacute;veis tiveram passagem livre na reuni&atilde;o desta quarta na CDC. Al&eacute;m da regula&ccedil;&atilde;o da Internet, permanece no texto final a possibilidade de compra a la carte de canais, as pr&oacute;prias cotas de conte&uacute;do nacional, t&oacute;picos sobre ponto extra entre outros assuntos pol&ecirc;micos.<\/p>\n","protected":false},"excerpt":{"rendered":"<p>Foram aprovados dois destaques ao texto do relator, modificando crit&eacute;rios para cotas de conte&uacute;do nacional; texto volta para a CCTCI<\/p>\n","protected":false},"author":1,"featured_media":0,"comment_status":"open","ping_status":"open","sticky":false,"template":"","format":"standard","meta":{"footnotes":""},"categories":[40],"tags":[556],"_links":{"self":[{"href":"https:\/\/obscom.intervozes.org.br\/index.php?rest_route=\/wp\/v2\/posts\/23293"}],"collection":[{"href":"https:\/\/obscom.intervozes.org.br\/index.php?rest_route=\/wp\/v2\/posts"}],"about":[{"href":"https:\/\/obscom.intervozes.org.br\/index.php?rest_route=\/wp\/v2\/types\/post"}],"author":[{"embeddable":true,"href":"https:\/\/obscom.intervozes.org.br\/index.php?rest_route=\/wp\/v2\/users\/1"}],"replies":[{"embeddable":true,"href":"https:\/\/obscom.intervozes.org.br\/index.php?rest_route=%2Fwp%2Fv2%2Fcomments&post=23293"}],"version-history":[{"count":0,"href":"https:\/\/obscom.intervozes.org.br\/index.php?rest_route=\/wp\/v2\/posts\/23293\/revisions"}],"wp:attachment":[{"href":"https:\/\/obscom.intervozes.org.br\/index.php?rest_route=%2Fwp%2Fv2%2Fmedia&parent=23293"}],"wp:term":[{"taxonomy":"category","embeddable":true,"href":"https:\/\/obscom.intervozes.org.br\/index.php?rest_route=%2Fwp%2Fv2%2Fcategories&post=23293"},{"taxonomy":"post_tag","embeddable":true,"href":"https:\/\/obscom.intervozes.org.br\/index.php?rest_route=%2Fwp%2Fv2%2Ftags&post=23293"}],"curies":[{"name":"wp","href":"https:\/\/api.w.org\/{rel}","templated":true}]}}