{"id":23285,"date":"2009-09-01T17:13:57","date_gmt":"2009-09-01T17:13:57","guid":{"rendered":"https:\/\/obscom.intervozes.org.br\/wordpress\/?p=23285"},"modified":"2009-09-01T17:13:57","modified_gmt":"2009-09-01T17:13:57","slug":"governo-argentino-tem-pressa-na-tramitacao-da-lei-de-comunicacoes","status":"publish","type":"post","link":"https:\/\/obscom.intervozes.org.br\/?p=23285","title":{"rendered":"Governo argentino tem pressa na tramita\u00e7\u00e3o da lei de comunica\u00e7\u00f5es"},"content":{"rendered":"<p>   \t \t \t \t \t<!-- \t\t@page { margin: 2cm } \t\tP { margin-bottom: 0.21cm } \t--> \t  <\/p>\n<p style=\"margin-bottom: 0cm\" class=\"padrao\">O governo argentino fez um pedido oficial para que o congresso daquele pa&iacute;s discuta a Lei de Servi&ccedil;os de Comunica&ccedil;&otilde;es Audiovisual, que substituir&aacute; a Lei de Radiodifus&atilde;o, de 1980. Segundo o notici&aacute;rio argentino Prensario Internacional Private Advisor, os partidos de oposi&ccedil;&atilde;o est&atilde;o relutantes na tramita&ccedil;&atilde;o do projeto neste momento, alegando que a discuss&atilde;o deveria acontecer apenas ap&oacute;s o dia 10 de dezembro, quando os parlamentares eleitos nas elei&ccedil;&otilde;es de junho ser&atilde;o empossados. A posi&ccedil;&atilde;o do governo &eacute; que a aprova&ccedil;&atilde;o do projeto deveria acontecer brevemente, j&aacute; que a tramita&ccedil;&atilde;o estaria atrasada por conta de outras quest&otilde;es que foram tratadas de forma priorit&aacute;ria. <\/p>\n<p>O projeto divide o espectro de radiodifus&atilde;o digital em tr&ecirc;s partes iguais: radiodifus&atilde;o governamental (incluindo nesta defini&ccedil;&atilde;o emissoras operadas por prov&iacute;ncias e cidades); organiza&ccedil;&otilde;es n&atilde;o governamentais e universidades; e radiodifus&atilde;o comercial. <\/p>\n<p>Ainda segundo o notici&aacute;rio argentino, o projeto de lei, se aprovado como est&aacute;, criaria uma s&eacute;rie de restri&ccedil;&otilde;es que afetariam os players atuais, especialmente o Grupo Clar&iacute;n, ao proibir que um mesmo grupo tenha uma emissora e uma operadora de TV por assinatura em uma mesma cidade, al&eacute;m de proibir que produtores de conte&uacute;do tenham participa&ccedil;&atilde;o societ&aacute;ria em empresas de TV paga. <\/p>\n<p>O projeto tamb&eacute;m permitiria que empresas de telecomunica&ccedil;&otilde;es prestem servi&ccedil;o de TV por assinatura, mas criando um m&iacute;nimo de participa&ccedil;&atilde;o societ&aacute;ria nas m&atilde;os de locais. <\/p>\n<p>Outra mudan&ccedil;a significativa &eacute; que as licen&ccedil;as de opera&ccedil;&atilde;o de cabo, hoje expedidas pela ag&ecirc;ncia de comunica&ccedil;&otilde;es, seriam limitadas a 25 por operadora. Al&eacute;m disso, a publicidade na TV paga ficaria limitada a 12 minutos por hora. <\/p>\n<p>O projeto precisa tramitar em diversas comiss&otilde;es antes de ser votado.<\/p>\n","protected":false},"excerpt":{"rendered":"<p>O governo argentino fez um pedido oficial para que o congresso daquele pa&iacute;s discuta a Lei de Servi&ccedil;os de Comunica&ccedil;&otilde;es Audiovisual, que substituir&aacute; a Lei de Radiodifus&atilde;o, de 1980. Segundo o notici&aacute;rio argentino Prensario Internacional Private Advisor, os partidos de oposi&ccedil;&atilde;o est&atilde;o relutantes na tramita&ccedil;&atilde;o do projeto neste momento, alegando que a discuss&atilde;o deveria acontecer &hellip; <a href=\"https:\/\/obscom.intervozes.org.br\/?p=23285\" class=\"more-link\">Continue lendo <span class=\"screen-reader-text\">Governo argentino tem pressa na tramita\u00e7\u00e3o da lei de comunica\u00e7\u00f5es<\/span> <span class=\"meta-nav\">&rarr;<\/span><\/a><\/p>\n","protected":false},"author":1,"featured_media":0,"comment_status":"open","ping_status":"open","sticky":false,"template":"","format":"standard","meta":{"footnotes":""},"categories":[40],"tags":[2],"_links":{"self":[{"href":"https:\/\/obscom.intervozes.org.br\/index.php?rest_route=\/wp\/v2\/posts\/23285"}],"collection":[{"href":"https:\/\/obscom.intervozes.org.br\/index.php?rest_route=\/wp\/v2\/posts"}],"about":[{"href":"https:\/\/obscom.intervozes.org.br\/index.php?rest_route=\/wp\/v2\/types\/post"}],"author":[{"embeddable":true,"href":"https:\/\/obscom.intervozes.org.br\/index.php?rest_route=\/wp\/v2\/users\/1"}],"replies":[{"embeddable":true,"href":"https:\/\/obscom.intervozes.org.br\/index.php?rest_route=%2Fwp%2Fv2%2Fcomments&post=23285"}],"version-history":[{"count":0,"href":"https:\/\/obscom.intervozes.org.br\/index.php?rest_route=\/wp\/v2\/posts\/23285\/revisions"}],"wp:attachment":[{"href":"https:\/\/obscom.intervozes.org.br\/index.php?rest_route=%2Fwp%2Fv2%2Fmedia&parent=23285"}],"wp:term":[{"taxonomy":"category","embeddable":true,"href":"https:\/\/obscom.intervozes.org.br\/index.php?rest_route=%2Fwp%2Fv2%2Fcategories&post=23285"},{"taxonomy":"post_tag","embeddable":true,"href":"https:\/\/obscom.intervozes.org.br\/index.php?rest_route=%2Fwp%2Fv2%2Ftags&post=23285"}],"curies":[{"name":"wp","href":"https:\/\/api.w.org\/{rel}","templated":true}]}}