{"id":23284,"date":"2009-09-01T17:12:06","date_gmt":"2009-09-01T17:12:06","guid":{"rendered":"https:\/\/obscom.intervozes.org.br\/wordpress\/?p=23284"},"modified":"2009-09-01T17:12:06","modified_gmt":"2009-09-01T17:12:06","slug":"nova-lei-de-comunicacao-audiovisual-fara-pais-mais-plural-diz-presidenta","status":"publish","type":"post","link":"https:\/\/obscom.intervozes.org.br\/?p=23284","title":{"rendered":"Nova lei de comunica\u00e7\u00e3o audiovisual far\u00e1 pa\u00eds mais plural, diz presidenta"},"content":{"rendered":"<p> \t \t \t \t<!-- \t\t@page { margin: 2cm } \t\tP { margin-bottom: 0.21cm } \t--> \t  <\/p>\n<p style=\"margin-bottom: 0cm\" class=\"padrao\"><em>[T&iacute;tulo original: Argentina: o que muda com a reforma da m&iacute;dia de Cristina Kirchner]<\/em><\/p>\n<p style=\"margin-bottom: 0cm\" class=\"padrao\">A Argentina est&aacute; disposta a implementar uma nova Lei de Comunica&ccedil;&atilde;o Audiovisual que substitua o decreto 22.285 de 1980, criado durante a &uacute;ltima ditadura militar daquele pa&iacute;s, no governo do general Jorge Videla. O texto revisado do novo projeto foi apresentado em mar&ccedil;o passado e passou por mudan&ccedil;as sugeridas em dezenas de f&oacute;runs ocorridos desde ent&atilde;o. Na quinta-feira (27), a presidente da Argentina, Cristina Kirchner, anunciou a lei ao Congresso Nacional.<\/p>\n<p>Cristina, na ocasi&atilde;o, declarou que o projeto contribuir&aacute; para que a Argentina seja &quot;mais democr&aacute;tica e mais plural&quot;. Ao anunciar a proposta de lei, ela lembrou os &quot;118 jornalistas detidos ou desaparecidos&quot; nos anos de chumbo do regime e ressaltou que as v&iacute;timas do per&iacute;odo &quot;deram testemunho do que &eacute; o exerc&iacute;cio verdadeiro da liberdade de imprensa&quot;.<\/p>\n<p>Devido a seu car&aacute;ter progressista e popular, o projeto conta com o respaldo de organiza&ccedil;&otilde;es sociais e sindicatos &mdash; mas enfrenta, naturalmente, a oposi&ccedil;&atilde;o dos propriet&aacute;rios dos meios de comunica&ccedil;&atilde;o. De cara, a medida &mdash; que ser&aacute; votada no Congresso &mdash; visa dividir o espa&ccedil;o de radiodifus&atilde;o em tr&ecirc;s partes: a primeira ao setor privado, uma outra a cargo do Estado e, por fim, uma parte de uso exclusivo de institui&ccedil;&otilde;es sociais como universidades, comunidades locais e igrejas. <\/p>\n<p>Hoje, o espectro &eacute; dominado pelo lado comercial. Al&eacute;m disso, cada grupo poder&aacute; ter no m&aacute;ximo dez licen&ccedil;as, contra as 24 de hoje. Os donos de TV&acute;s abertas n&atilde;o poder&atilde;o ter TV&rsquo;s por assinatura no mesmo local geogr&aacute;fico. Est&aacute; prevista tamb&eacute;m a possibilidade de desembarque das companhias telef&ocirc;nicas na comunica&ccedil;&atilde;o audiovisual &mdash; o que ocasionaria na regulamenta&ccedil;&atilde;o para o Triple Play, com &aacute;udio, v&iacute;deo e dados no mesmo sistema.<\/p>\n<p>No discurso de quinta-feira, diante de intelectuais, congressistas e sindicalistas, Cristina destacou que, apenas 26 anos depois da retomada da democracia na Argentina, o governo apresentou uma proposta sobre o tema. A mandat&aacute;ria tamb&eacute;m rebateu as cr&iacute;ticas que seu projeto vem recebendo dos conglomerados da imprensa.<\/p>\n<p>Na vis&atilde;o de Cristina, a nova lei garantir&aacute; &quot;o direito a toda a informa&ccedil;&atilde;o&quot;, em vez do &quot;ocultamento de uma parte dela&quot; ou de sua &quot;manipula&ccedil;&atilde;o&quot;. Segundo a presidente, a vota&ccedil;&atilde;o em plen&aacute;rio ser&aacute; uma &quot;prova&quot; para a democracia da Argentina, devido &agrave; resist&ecirc;ncia ao projeto por parte de alguns empres&aacute;rios.<\/p>\n","protected":false},"excerpt":{"rendered":"<p>[T&iacute;tulo original: Argentina: o que muda com a reforma da m&iacute;dia de Cristina Kirchner] A Argentina est&aacute; disposta a implementar uma nova Lei de Comunica&ccedil;&atilde;o Audiovisual que substitua o decreto 22.285 de 1980, criado durante a &uacute;ltima ditadura militar daquele pa&iacute;s, no governo do general Jorge Videla. O texto revisado do novo projeto foi apresentado &hellip; <a href=\"https:\/\/obscom.intervozes.org.br\/?p=23284\" class=\"more-link\">Continue lendo <span class=\"screen-reader-text\">Nova lei de comunica\u00e7\u00e3o audiovisual far\u00e1 pa\u00eds mais plural, diz presidenta<\/span> <span class=\"meta-nav\">&rarr;<\/span><\/a><\/p>\n","protected":false},"author":1,"featured_media":0,"comment_status":"open","ping_status":"open","sticky":false,"template":"","format":"standard","meta":{"footnotes":""},"categories":[40],"tags":[2],"_links":{"self":[{"href":"https:\/\/obscom.intervozes.org.br\/index.php?rest_route=\/wp\/v2\/posts\/23284"}],"collection":[{"href":"https:\/\/obscom.intervozes.org.br\/index.php?rest_route=\/wp\/v2\/posts"}],"about":[{"href":"https:\/\/obscom.intervozes.org.br\/index.php?rest_route=\/wp\/v2\/types\/post"}],"author":[{"embeddable":true,"href":"https:\/\/obscom.intervozes.org.br\/index.php?rest_route=\/wp\/v2\/users\/1"}],"replies":[{"embeddable":true,"href":"https:\/\/obscom.intervozes.org.br\/index.php?rest_route=%2Fwp%2Fv2%2Fcomments&post=23284"}],"version-history":[{"count":0,"href":"https:\/\/obscom.intervozes.org.br\/index.php?rest_route=\/wp\/v2\/posts\/23284\/revisions"}],"wp:attachment":[{"href":"https:\/\/obscom.intervozes.org.br\/index.php?rest_route=%2Fwp%2Fv2%2Fmedia&parent=23284"}],"wp:term":[{"taxonomy":"category","embeddable":true,"href":"https:\/\/obscom.intervozes.org.br\/index.php?rest_route=%2Fwp%2Fv2%2Fcategories&post=23284"},{"taxonomy":"post_tag","embeddable":true,"href":"https:\/\/obscom.intervozes.org.br\/index.php?rest_route=%2Fwp%2Fv2%2Ftags&post=23284"}],"curies":[{"name":"wp","href":"https:\/\/api.w.org\/{rel}","templated":true}]}}