{"id":23276,"date":"2009-08-31T16:02:34","date_gmt":"2009-08-31T16:02:34","guid":{"rendered":"https:\/\/obscom.intervozes.org.br\/wordpress\/?p=23276"},"modified":"2009-08-31T16:02:34","modified_gmt":"2009-08-31T16:02:34","slug":"presidente-do-equador-pede-fechamento-de-tv-por-violacao-da-lei-de-radiodifusao","status":"publish","type":"post","link":"https:\/\/obscom.intervozes.org.br\/?p=23276","title":{"rendered":"Presidente do Equador pede fechamento de TV por viola\u00e7\u00e3o da Lei de Radiodifus\u00e3o"},"content":{"rendered":"<p>   \t \t \t \t \t<!-- \t\t@page { margin: 2cm } \t\tP { margin-bottom: 0.21cm } \t--> \t   <\/p>\n<p style=\"margin-bottom: 0cm\" class=\"padrao\">O presidente do Equador, Rafael Correa, disse, no &uacute;ltimo s&aacute;bado (29), que tomar&aacute; medidas legais para fechar a emissora privada&nbsp;Teleamazonas. A justificativa, segundo o pol&iacute;tico, &eacute; de que o ve&iacute;culo teria cometido irregularidades, ao divulgar uma grava&ccedil;&atilde;o clandestina realizada em seu escrit&oacute;rio. <\/p>\n<p>De acordo com Correa, a grava&ccedil;&atilde;o foi entregue por Fernando Balda, ex-integrante do partido da situa&ccedil;&atilde;o no Equador. O suposto di&aacute;logo mostra o presidente equatoriano, juntamente com partid&aacute;rios, planejando altera&ccedil;&otilde;es na Constitui&ccedil;&atilde;o do pa&iacute;s. <\/p>\n<p>&quot;&Eacute; grav&iacute;ssimo, um delito contra a seguran&ccedil;a nacional, espionaram uma reuni&atilde;o no gabinete do presidente&quot;, disse Correa , que negou as acusa&ccedil;&otilde;es de mudan&ccedil;a constitucional e ainda pediu a pris&atilde;o de Fernando Balda. <\/p>\n<p>Segundo a Presid&ecirc;ncia, a ordem de fechamento da emissora de TV se baseia na Lei de Radiodifus&atilde;o do pa&iacute;s, que pro&iacute;be a divulga&ccedil;&atilde;o de grava&ccedil;&otilde;es sem a aprova&ccedil;&atilde;o das partes envolvidas. Por sua vez, para a diretoria da Teleamazonas, n&atilde;o houve viola&ccedil;&atilde;o da lei, pois as grava&ccedil;&otilde;es veiculadas n&atilde;o teriam afetado a integridade de nenhuma das pessoas citadas. A informa&ccedil;&atilde;o &eacute; do jornal <em>O Globo<\/em>.<\/p>\n","protected":false},"excerpt":{"rendered":"<p>O presidente do Equador, Rafael Correa, disse, no &uacute;ltimo s&aacute;bado (29), que tomar&aacute; medidas legais para fechar a emissora privada&nbsp;Teleamazonas. A justificativa, segundo o pol&iacute;tico, &eacute; de que o ve&iacute;culo teria cometido irregularidades, ao divulgar uma grava&ccedil;&atilde;o clandestina realizada em seu escrit&oacute;rio. De acordo com Correa, a grava&ccedil;&atilde;o foi entregue por Fernando Balda, ex-integrante do &hellip; <a href=\"https:\/\/obscom.intervozes.org.br\/?p=23276\" class=\"more-link\">Continue lendo <span class=\"screen-reader-text\">Presidente do Equador pede fechamento de TV por viola\u00e7\u00e3o da Lei de Radiodifus\u00e3o<\/span> <span class=\"meta-nav\">&rarr;<\/span><\/a><\/p>\n","protected":false},"author":1,"featured_media":0,"comment_status":"open","ping_status":"open","sticky":false,"template":"","format":"standard","meta":{"footnotes":""},"categories":[40],"tags":[119],"_links":{"self":[{"href":"https:\/\/obscom.intervozes.org.br\/index.php?rest_route=\/wp\/v2\/posts\/23276"}],"collection":[{"href":"https:\/\/obscom.intervozes.org.br\/index.php?rest_route=\/wp\/v2\/posts"}],"about":[{"href":"https:\/\/obscom.intervozes.org.br\/index.php?rest_route=\/wp\/v2\/types\/post"}],"author":[{"embeddable":true,"href":"https:\/\/obscom.intervozes.org.br\/index.php?rest_route=\/wp\/v2\/users\/1"}],"replies":[{"embeddable":true,"href":"https:\/\/obscom.intervozes.org.br\/index.php?rest_route=%2Fwp%2Fv2%2Fcomments&post=23276"}],"version-history":[{"count":0,"href":"https:\/\/obscom.intervozes.org.br\/index.php?rest_route=\/wp\/v2\/posts\/23276\/revisions"}],"wp:attachment":[{"href":"https:\/\/obscom.intervozes.org.br\/index.php?rest_route=%2Fwp%2Fv2%2Fmedia&parent=23276"}],"wp:term":[{"taxonomy":"category","embeddable":true,"href":"https:\/\/obscom.intervozes.org.br\/index.php?rest_route=%2Fwp%2Fv2%2Fcategories&post=23276"},{"taxonomy":"post_tag","embeddable":true,"href":"https:\/\/obscom.intervozes.org.br\/index.php?rest_route=%2Fwp%2Fv2%2Ftags&post=23276"}],"curies":[{"name":"wp","href":"https:\/\/api.w.org\/{rel}","templated":true}]}}