{"id":23275,"date":"2009-08-31T16:00:50","date_gmt":"2009-08-31T16:00:50","guid":{"rendered":"https:\/\/obscom.intervozes.org.br\/wordpress\/?p=23275"},"modified":"2009-08-31T16:00:50","modified_gmt":"2009-08-31T16:00:50","slug":"prefeitura-libera-servico-de-tv-em-onibus-da-cidade-de-sao-paulo","status":"publish","type":"post","link":"https:\/\/obscom.intervozes.org.br\/?p=23275","title":{"rendered":"Prefeitura libera servi\u00e7o de TV em \u00f4nibus da cidade de S\u00e3o Paulo"},"content":{"rendered":"<p>   \t \t \t \t \t<!-- \t\t@page { margin: 2cm } \t\tP { margin-bottom: 0.21cm } \t--> \t   <\/p>\n<p style=\"margin-bottom: 0cm\" class=\"western\"><span class=\"padrao\">Na &uacute;ltima sexta-feira (28), a Prefeitura de S&atilde;o Paulo &#8211; dirigida pelo prefeito Gilberto Kassab &#8211; criou uma nova regulamenta&ccedil;&atilde;o para as transmiss&otilde;es de TV em &ocirc;nibus da cidade de S&atilde;o Paulo (SP). Ser&aacute; permitida a veicula&ccedil;&atilde;o de programa&ccedil;&atilde;o, ao vivo e gravada, desde que n&atilde;o tenha conte&uacute;do pol&iacute;tico, religioso, er&oacute;tico ou ofensivo.<\/p>\n<p>A medida permite &agrave; Rede Globo retornar com a programa&ccedil;&atilde;o nos &ocirc;nibus da capital paulista. O servi&ccedil;o da emissora, iniciado em 17 de agosto, foi retirado do ar no mesmo dia pela Prefeitura, por n&atilde;o ter enviado o conte&uacute;do para an&aacute;lise do Poder P&uacute;blico. <\/p>\n<p>Com a nova regulamenta&ccedil;&atilde;o, a Globo exibir&aacute; resumos de cap&iacute;tulos dos folhetins da casa, em formato semelhante &agrave;s fotonovelas. Apesar de os televisores dos coletivos n&atilde;o terem som, ser&aacute; emitido um sinal de &aacute;udio, para que passageiros possam ouvir em r&aacute;dio FM e celulares com Bluetooth. <\/p>\n<p>Na mesma linha, segundo informa Daniel Castro, da <em>Folha de S.Paulo<\/em>, a Band tamb&eacute;m exibir&aacute; conte&uacute;do nos &ocirc;nibus de S&atilde;o Paulo. A emissora utilizar&aacute; fotografias e t&iacute;tulos em letras grandes para abordar o notici&aacute;rio cotidiano. De acordo com o ve&iacute;culo, ser&atilde;o evitados assuntos de outros pa&iacute;ses, bem como trag&eacute;dias e viol&ecirc;ncia. <\/p>\n<p>As empresas de m&iacute;dia respons&aacute;veis pelo servi&ccedil;o ainda disponibilizar&atilde;o links na internet, para que t&eacute;cnicos da SPTrans possam fiscalizar o conte&uacute;do veiculado pelas emissoras nos coletivos.  <\/span><\/p>\n","protected":false},"excerpt":{"rendered":"<p>Na &uacute;ltima sexta-feira (28), a Prefeitura de S&atilde;o Paulo &#8211; dirigida pelo prefeito Gilberto Kassab &#8211; criou uma nova regulamenta&ccedil;&atilde;o para as transmiss&otilde;es de TV em &ocirc;nibus da cidade de S&atilde;o Paulo (SP). Ser&aacute; permitida a veicula&ccedil;&atilde;o de programa&ccedil;&atilde;o, ao vivo e gravada, desde que n&atilde;o tenha conte&uacute;do pol&iacute;tico, religioso, er&oacute;tico ou ofensivo. A medida &hellip; <a href=\"https:\/\/obscom.intervozes.org.br\/?p=23275\" class=\"more-link\">Continue lendo <span class=\"screen-reader-text\">Prefeitura libera servi\u00e7o de TV em \u00f4nibus da cidade de S\u00e3o Paulo<\/span> <span class=\"meta-nav\">&rarr;<\/span><\/a><\/p>\n","protected":false},"author":1,"featured_media":0,"comment_status":"open","ping_status":"open","sticky":false,"template":"","format":"standard","meta":{"footnotes":""},"categories":[40],"tags":[658],"_links":{"self":[{"href":"https:\/\/obscom.intervozes.org.br\/index.php?rest_route=\/wp\/v2\/posts\/23275"}],"collection":[{"href":"https:\/\/obscom.intervozes.org.br\/index.php?rest_route=\/wp\/v2\/posts"}],"about":[{"href":"https:\/\/obscom.intervozes.org.br\/index.php?rest_route=\/wp\/v2\/types\/post"}],"author":[{"embeddable":true,"href":"https:\/\/obscom.intervozes.org.br\/index.php?rest_route=\/wp\/v2\/users\/1"}],"replies":[{"embeddable":true,"href":"https:\/\/obscom.intervozes.org.br\/index.php?rest_route=%2Fwp%2Fv2%2Fcomments&post=23275"}],"version-history":[{"count":0,"href":"https:\/\/obscom.intervozes.org.br\/index.php?rest_route=\/wp\/v2\/posts\/23275\/revisions"}],"wp:attachment":[{"href":"https:\/\/obscom.intervozes.org.br\/index.php?rest_route=%2Fwp%2Fv2%2Fmedia&parent=23275"}],"wp:term":[{"taxonomy":"category","embeddable":true,"href":"https:\/\/obscom.intervozes.org.br\/index.php?rest_route=%2Fwp%2Fv2%2Fcategories&post=23275"},{"taxonomy":"post_tag","embeddable":true,"href":"https:\/\/obscom.intervozes.org.br\/index.php?rest_route=%2Fwp%2Fv2%2Ftags&post=23275"}],"curies":[{"name":"wp","href":"https:\/\/api.w.org\/{rel}","templated":true}]}}