{"id":23262,"date":"2009-08-28T10:54:53","date_gmt":"2009-08-28T10:54:53","guid":{"rendered":"https:\/\/obscom.intervozes.org.br\/wordpress\/?p=23262"},"modified":"2009-08-28T10:54:53","modified_gmt":"2009-08-28T10:54:53","slug":"anatel-abre-consulta-publica-sobre-alteracao-em-radiodifusao-comunitaria","status":"publish","type":"post","link":"https:\/\/obscom.intervozes.org.br\/?p=23262","title":{"rendered":"Anatel abre consulta p\u00fablica sobre altera\u00e7\u00e3o em radiodifus\u00e3o comunit\u00e1ria"},"content":{"rendered":"<p><u><strong>Reproduzido do Comunique-se <\/strong><\/u><br \/>&nbsp;<br \/>A Ag&ecirc;ncia Nacional de Telecomunica&ccedil;&otilde;es (Anatel) abriu consulta p&uacute;blica sobre a proposta de altera&ccedil;&atilde;o no Plano de Refer&ecirc;ncia para Distribui&ccedil;&atilde;o de Canais do Servi&ccedil;o de Radiodifus&atilde;o Comunit&aacute;ria. Os interessados podem mandar suas propostas at&eacute; o dia 25\/09. <br \/>&nbsp;<br \/>A mudan&ccedil;a pretende substituir os canais destinados &agrave; radiodifus&atilde;o comunit&aacute;ria em oito munic&iacute;pios dos estados de Minas Gerais, Rio Grande do Sul e Santa Catarina. Segundo texto publicado no Di&aacute;rio Oficial da Uni&atilde;o, as altera&ccedil;&otilde;es &ldquo;visam resolver problemas de interfer&ecirc;ncias m&uacute;tuas surgidas entre esta&ccedil;&otilde;es comunit&aacute;rias, ou interfer&ecirc;ncias de esta&ccedil;&otilde;es comunit&aacute;rias em esta&ccedil;&otilde;es de FM e TV que tiveram sua &aacute;rea de servi&ccedil;o ampliada&rdquo;. <br \/>&nbsp;<br \/>O texto da consulta est&aacute; dispon&iacute;vel na Internet e as contribui&ccedil;&otilde;es devem ser feitas por meio de formul&aacute;rio pr&oacute;prio, tamb&eacute;m no site da Anatel. <em>(Da reda&ccedil;&atilde;o) <\/em><\/p>\n","protected":false},"excerpt":{"rendered":"<p><u><strong>Reproduzido do Comunique-se <\/strong><\/u><\/p>\n<p>A Ag&ecirc;ncia Nacional de Telecomunica&ccedil;&otilde;es (Anatel) abriu consulta p&uacute;blica sobre a proposta de altera&ccedil;&atilde;o no Plano de Refer&ecirc;ncia para Distribui&ccedil;&atilde;o de Canais do Servi&ccedil;o de Radiodifus&atilde;o Comunit&aacute;ria. Os interessados podem mandar suas propostas at&eacute; o dia 25\/09. <br \/>&nbsp;<br \/>A mudan&ccedil;a pretende substituir os canais destinados &agrave; radiodifus&atilde;o comunit&aacute;ria em oito munic&iacute;pios dos estados de Minas Gerais, Rio Grande do Sul e Santa Catarina. Segundo texto publicado no Di&aacute;rio Oficial da Uni&atilde;o, as altera&ccedil;&otilde;es &ldquo;visam resolver problemas de interfer&ecirc;ncias m&uacute;tuas surgidas entre esta&ccedil;&otilde;es comunit&aacute;rias, ou interfer&ecirc;ncias de esta&ccedil;&otilde;es comunit&aacute;rias em esta&ccedil;&otilde;es de FM e TV que tiveram sua &aacute;rea de servi&ccedil;o ampliada&rdquo;. <br \/>&nbsp;<br \/>O texto da consulta est&aacute; dispon&iacute;vel na Internet e as contribui&ccedil;&otilde;es devem ser feitas por meio de formul&aacute;rio pr&oacute;prio, tamb&eacute;m no site da Anatel. (Da reda&ccedil;&atilde;o) <br \/>&nbsp;<\/p>\n","protected":false},"author":1,"featured_media":0,"comment_status":"open","ping_status":"open","sticky":false,"template":"","format":"standard","meta":{"footnotes":""},"categories":[39],"tags":[],"_links":{"self":[{"href":"https:\/\/obscom.intervozes.org.br\/index.php?rest_route=\/wp\/v2\/posts\/23262"}],"collection":[{"href":"https:\/\/obscom.intervozes.org.br\/index.php?rest_route=\/wp\/v2\/posts"}],"about":[{"href":"https:\/\/obscom.intervozes.org.br\/index.php?rest_route=\/wp\/v2\/types\/post"}],"author":[{"embeddable":true,"href":"https:\/\/obscom.intervozes.org.br\/index.php?rest_route=\/wp\/v2\/users\/1"}],"replies":[{"embeddable":true,"href":"https:\/\/obscom.intervozes.org.br\/index.php?rest_route=%2Fwp%2Fv2%2Fcomments&post=23262"}],"version-history":[{"count":0,"href":"https:\/\/obscom.intervozes.org.br\/index.php?rest_route=\/wp\/v2\/posts\/23262\/revisions"}],"wp:attachment":[{"href":"https:\/\/obscom.intervozes.org.br\/index.php?rest_route=%2Fwp%2Fv2%2Fmedia&parent=23262"}],"wp:term":[{"taxonomy":"category","embeddable":true,"href":"https:\/\/obscom.intervozes.org.br\/index.php?rest_route=%2Fwp%2Fv2%2Fcategories&post=23262"},{"taxonomy":"post_tag","embeddable":true,"href":"https:\/\/obscom.intervozes.org.br\/index.php?rest_route=%2Fwp%2Fv2%2Ftags&post=23262"}],"curies":[{"name":"wp","href":"https:\/\/api.w.org\/{rel}","templated":true}]}}