{"id":23260,"date":"2009-08-27T15:38:24","date_gmt":"2009-08-27T15:38:24","guid":{"rendered":"https:\/\/obscom.intervozes.org.br\/wordpress\/?p=23260"},"modified":"2009-08-27T15:38:24","modified_gmt":"2009-08-27T15:38:24","slug":"rio-de-janeiro-convoca-conferencia-estadual-de-comunicacao","status":"publish","type":"post","link":"https:\/\/obscom.intervozes.org.br\/?p=23260","title":{"rendered":"Rio de Janeiro convoca Confer\u00eancia Estadual de Comunica\u00e7\u00e3o"},"content":{"rendered":"<p>   \t \t \t \t \t<!-- \t\t@page { margin: 2cm } \t\tP { margin-bottom: 0.21cm } \t--> \t  <\/p>\n<p style=\"margin-bottom: 0cm\" class=\"padrao\">O governo do estado do Rio de Janeiro convocou para os dias 30 de outubro e 1 de novembro a 1&ordf; Confer&ecirc;ncia Estadual de Comunica&ccedil;&atilde;o (Conecom-RJ). O decreto do governador S&eacute;rgio Cabral (PMDB), publicado no dia 25 de agosto, prev&ecirc; que a coordena&ccedil;&atilde;o da etapa fluminense da Confer&ecirc;ncia Nacional de Comunica&ccedil;&atilde;o ser&aacute; coordenada pela Subsecretaria de Comunica&ccedil;&atilde;o Social da Secretaria de Estado da Casa Civil.<\/p>\n<p>A subsecretaria ser&aacute; o &oacute;rg&atilde;o respons&aacute;vel pela composi&ccedil;&atilde;o da comiss&atilde;o organizadora, que dever&aacute; decidir o regimento da Conecom-RJ. O decreto tamb&eacute;m garante que o governo do estado, atrav&eacute;s do or&ccedil;amento da Casa Civil, financie a realiza&ccedil;&atilde;o da etapa estadual.<\/p>\n","protected":false},"excerpt":{"rendered":"<p>O governo do estado do Rio de Janeiro convocou para os dias 30 de outubro e 1 de novembro a 1&ordf; Confer&ecirc;ncia Estadual de Comunica&ccedil;&atilde;o (Conecom-RJ). O decreto do governador S&eacute;rgio Cabral (PMDB), publicado no dia 25 de agosto, prev&ecirc; que a coordena&ccedil;&atilde;o da etapa fluminense da Confer&ecirc;ncia Nacional de Comunica&ccedil;&atilde;o ser&aacute; coordenada pela Subsecretaria &hellip; <a href=\"https:\/\/obscom.intervozes.org.br\/?p=23260\" class=\"more-link\">Continue lendo <span class=\"screen-reader-text\">Rio de Janeiro convoca Confer\u00eancia Estadual de Comunica\u00e7\u00e3o<\/span> <span class=\"meta-nav\">&rarr;<\/span><\/a><\/p>\n","protected":false},"author":1,"featured_media":0,"comment_status":"open","ping_status":"open","sticky":false,"template":"","format":"standard","meta":{"footnotes":""},"categories":[39],"tags":[],"_links":{"self":[{"href":"https:\/\/obscom.intervozes.org.br\/index.php?rest_route=\/wp\/v2\/posts\/23260"}],"collection":[{"href":"https:\/\/obscom.intervozes.org.br\/index.php?rest_route=\/wp\/v2\/posts"}],"about":[{"href":"https:\/\/obscom.intervozes.org.br\/index.php?rest_route=\/wp\/v2\/types\/post"}],"author":[{"embeddable":true,"href":"https:\/\/obscom.intervozes.org.br\/index.php?rest_route=\/wp\/v2\/users\/1"}],"replies":[{"embeddable":true,"href":"https:\/\/obscom.intervozes.org.br\/index.php?rest_route=%2Fwp%2Fv2%2Fcomments&post=23260"}],"version-history":[{"count":0,"href":"https:\/\/obscom.intervozes.org.br\/index.php?rest_route=\/wp\/v2\/posts\/23260\/revisions"}],"wp:attachment":[{"href":"https:\/\/obscom.intervozes.org.br\/index.php?rest_route=%2Fwp%2Fv2%2Fmedia&parent=23260"}],"wp:term":[{"taxonomy":"category","embeddable":true,"href":"https:\/\/obscom.intervozes.org.br\/index.php?rest_route=%2Fwp%2Fv2%2Fcategories&post=23260"},{"taxonomy":"post_tag","embeddable":true,"href":"https:\/\/obscom.intervozes.org.br\/index.php?rest_route=%2Fwp%2Fv2%2Ftags&post=23260"}],"curies":[{"name":"wp","href":"https:\/\/api.w.org\/{rel}","templated":true}]}}