{"id":23253,"date":"2009-08-27T09:51:41","date_gmt":"2009-08-27T09:51:41","guid":{"rendered":"https:\/\/obscom.intervozes.org.br\/wordpress\/?p=23253"},"modified":"2009-08-27T09:51:41","modified_gmt":"2009-08-27T09:51:41","slug":"votacao-de-destaques-ao-pl-29-e-adiada-na-comissao-de-defesa-do-consumidor","status":"publish","type":"post","link":"https:\/\/obscom.intervozes.org.br\/?p=23253","title":{"rendered":"Vota\u00e7\u00e3o de destaques ao PL-29 \u00e9 adiada na Comiss\u00e3o de Defesa do Consumidor"},"content":{"rendered":"<p> \t<!-- \t\t@page { margin: 2cm } \t\tP { margin-bottom: 0.21cm } \t--> \t <\/p>\n<p style=\"margin-bottom: 0cm\" class=\"padrao\">A Comiss&atilde;o de Defesa do Consumidor (CDC) adiou por mais uma semana a aprecia&ccedil;&atilde;o dos 11 destaques ao Projeto de Lei 29\/2007, que trata da regula&ccedil;&atilde;o dos servi&ccedil;os de TV por assinatura, apresentados durante a tramita&ccedil;&atilde;o do texto na comiss&atilde;o. O adiamento foi solicitado pelo deputado J&uacute;lio Delgado (PSB-MG) e aceito a contragosto pelo relator, Vital do R&ecirc;go Filho (PMDB-PB). R&ecirc;go Filho teme que o novo adiamento abra espa&ccedil;o para novas press&otilde;es dos setores envolvidos.<\/p>\n<p>A avalia&ccedil;&atilde;o do relator do projeto na CDC &eacute; de que as disputas entre os setores de radiodifus&atilde;o, as operadoras de TV por assinatura e tamb&eacute;m as operadoras de telecomunica&ccedil;&otilde;es j&aacute; atrasaram demais a tramita&ccedil;&atilde;o do PL, que j&aacute; teve diversas vers&otilde;es circulando na C&acirc;mara. A vers&atilde;o de R&ecirc;go Filho foi aprovada na semana passada, mas os destaques ser&atilde;o votados em separado.<\/p>\n<p>Ap&oacute;s a CDC, o texto dever&aacute; voltar para a Comiss&atilde;o de Ci&ecirc;ncia e Tecnologica, Comunica&ccedil;&atilde;o e Inform&aacute;tica (CCTCI), onde o PL-29 foi originalmente apreciado, mas sem que os deputados chegassem a um acordo sobre o teor do projeto. Agora, segundo o presidente da CCTCI, deputado Eduardo Gomes (PSDB-TO), a disposi&ccedil;&atilde;o &eacute; tentar compensar os poss&iacute;veis atrasos na Comiss&atilde;o de Defesa do Consumidor. <em>(Com informa&ccedil;&otilde;es do TeleTime News e Tele.S&iacute;ntese)<\/em><\/p>\n","protected":false},"excerpt":{"rendered":"<p>A Comiss&atilde;o de Defesa do Consumidor (CDC) adiou por mais uma semana a aprecia&ccedil;&atilde;o dos 11 destaques ao Projeto de Lei 29\/2007, que trata da regula&ccedil;&atilde;o dos servi&ccedil;os de TV por assinatura, apresentados durante a tramita&ccedil;&atilde;o do texto na comiss&atilde;o. O adiamento foi solicitado pelo deputado J&uacute;lio Delgado (PSB-MG) e aceito a contragosto pelo relator, &hellip; <a href=\"https:\/\/obscom.intervozes.org.br\/?p=23253\" class=\"more-link\">Continue lendo <span class=\"screen-reader-text\">Vota\u00e7\u00e3o de destaques ao PL-29 \u00e9 adiada na Comiss\u00e3o de Defesa do Consumidor<\/span> <span class=\"meta-nav\">&rarr;<\/span><\/a><\/p>\n","protected":false},"author":1,"featured_media":0,"comment_status":"open","ping_status":"open","sticky":false,"template":"","format":"standard","meta":{"footnotes":""},"categories":[39],"tags":[],"_links":{"self":[{"href":"https:\/\/obscom.intervozes.org.br\/index.php?rest_route=\/wp\/v2\/posts\/23253"}],"collection":[{"href":"https:\/\/obscom.intervozes.org.br\/index.php?rest_route=\/wp\/v2\/posts"}],"about":[{"href":"https:\/\/obscom.intervozes.org.br\/index.php?rest_route=\/wp\/v2\/types\/post"}],"author":[{"embeddable":true,"href":"https:\/\/obscom.intervozes.org.br\/index.php?rest_route=\/wp\/v2\/users\/1"}],"replies":[{"embeddable":true,"href":"https:\/\/obscom.intervozes.org.br\/index.php?rest_route=%2Fwp%2Fv2%2Fcomments&post=23253"}],"version-history":[{"count":0,"href":"https:\/\/obscom.intervozes.org.br\/index.php?rest_route=\/wp\/v2\/posts\/23253\/revisions"}],"wp:attachment":[{"href":"https:\/\/obscom.intervozes.org.br\/index.php?rest_route=%2Fwp%2Fv2%2Fmedia&parent=23253"}],"wp:term":[{"taxonomy":"category","embeddable":true,"href":"https:\/\/obscom.intervozes.org.br\/index.php?rest_route=%2Fwp%2Fv2%2Fcategories&post=23253"},{"taxonomy":"post_tag","embeddable":true,"href":"https:\/\/obscom.intervozes.org.br\/index.php?rest_route=%2Fwp%2Fv2%2Ftags&post=23253"}],"curies":[{"name":"wp","href":"https:\/\/api.w.org\/{rel}","templated":true}]}}