{"id":23251,"date":"2009-08-27T09:34:21","date_gmt":"2009-08-27T09:34:21","guid":{"rendered":"https:\/\/obscom.intervozes.org.br\/wordpress\/?p=23251"},"modified":"2009-08-27T09:34:21","modified_gmt":"2009-08-27T09:34:21","slug":"erundina-diz-que-sociedade-garantira-conferencia-de-comunicacao","status":"publish","type":"post","link":"https:\/\/obscom.intervozes.org.br\/?p=23251","title":{"rendered":"Erundina diz que sociedade garantir\u00e1 Confer\u00eancia de Comunica\u00e7\u00e3o"},"content":{"rendered":"<p> \t<!-- \t\t@page { margin: 2cm } \t\tP { margin-bottom: 0.21cm } \t--> \t <\/p>\n<p style=\"margin-bottom: 0cm\" class=\"padrao\">Embora seis entidades empresariais tenham se retirado da comiss&atilde;o organizadora da 1&ordf; Confer&ecirc;ncia Nacional de Comunica&ccedil;&atilde;o (Confecom), a deputada federal Luiza Erundina (PSB-SP) diz que a aus&ecirc;ncia n&atilde;o vai enfraquecer o evento que ser&aacute; realizado em dezembro, em Bras&iacute;lia. &ldquo;H&aacute; um ac&uacute;mulo de for&ccedil;a pol&iacute;tica na sociedade que a meu ver vai garantir a presen&ccedil;a do quorum qualificado e criar condi&ccedil;&otilde;es para mudar, para melhor, a pol&iacute;tica de comunica&ccedil;&atilde;o social do pa&iacute;s&rdquo;, disse.<\/p>\n<p>O assunto foi debatido nesta quarta (26) em audi&ecirc;ncia p&uacute;blica na Comiss&atilde;o dos Direitos Humanos da C&acirc;mara dos Deputados. Na ocasi&atilde;o, a coordena&ccedil;&atilde;o da campanha &ldquo;Quem financia a Baixaria &eacute; Contra a Cidadania&rdquo; divulgou o ranking da baixaria na TV. <\/p>\n<p>Luiza Erundina lembrou que j&aacute; est&atilde;o acontecendo as confer&ecirc;ncias livres e a partir de setembro come&ccedil;am as etapas oficiais da Confecom nos estados. Ainda destacou que parte das entidades do empresariado continua no processo como a Associa&ccedil;&atilde;o Brasileira de Radiodifusores (Abra) e a holding Telebr&aacute;s.<\/p>\n<p>&ldquo;Os outros empres&aacute;rios se afastaram, seis grupos, a gente imagina que eles participar&atilde;o dos debates nos estados e eventualmente at&eacute; na confer&ecirc;ncia nacional porque &eacute; de interesse deles&rdquo;, disse a deputada. <\/p>\n<p>Ela lembrou que houve uma confer&ecirc;ncia na &aacute;rea de sa&uacute;de em 1986 quando os empres&aacute;rios n&atilde;o compareceram. No processo seguinte, na Constituinte de 88, eles tiveram que correr atr&aacute;s porque sabiam que havia uma defini&ccedil;&atilde;o de pol&iacute;ticas p&uacute;blicas. &ldquo;Se eles n&atilde;o estiverem presentes na decis&atilde;o, ela (Confecom) evidentemente pode comprometer interesses desses setores.&rdquo;<\/p>\n<p><strong>Destaque do acordo<\/strong><\/p>\n<p>Os parlamentares e os representantes da Intervozes e do F&oacute;rum Nacional pela Democratiza&ccedil;&atilde;o da Comunica&ccedil;&atilde;o (FNDC) tamb&eacute;m destacaram o acordo feito no dia anterior que garantiu a realiza&ccedil;&atilde;o da Confecom. A proposta do governo estabeleceu cotas de representa&ccedil;&atilde;o na Confer&ecirc;ncia com o peso de 40% para os empres&aacute;rios, 40% para as entidades do movimento social e 20% do poder p&uacute;blico. <\/p>\n<p>Al&eacute;m disso, as decis&otilde;es pol&ecirc;micas s&oacute; poder&atilde;o ser aprovadas com a maioria de 60% dos votos e mais um voto em cada representa&ccedil;&atilde;o. Segundo a deputada federal J&ocirc; Moraes (PCdoB-MG), o acordo marcou uma vit&oacute;ria do campo que quer fazer uma discuss&atilde;o sobre a comunica&ccedil;&atilde;o no Brasil. <\/p>\n<p>&ldquo;Apesar das contradi&ccedil;&otilde;es e das concess&otilde;es, seria muito ruim para n&oacute;s que a Confer&ecirc;ncia fosse adida este ano. Evidente que foi um parto doloroso (&#8230;), mas o poss&iacute;vel dado as correla&ccedil;&otilde;es de for&ccedil;as&rdquo;, destacou J&ocirc; Moraes. &ldquo;A reuni&atilde;o chegou a representa&ccedil;&atilde;o do m&iacute;nimo, o movimento social mostrou muita maturidade para encontrar uma solu&ccedil;&atilde;o&rdquo;, afirmou a deputada federal Cida Diogo (PT-RJ).<\/p>\n<p>&ldquo;A reuni&atilde;o realizada para o destravamento do regimento foi muito importante para garantir a continuidade do processo, no entanto, o acordo feito parte de bases que na avalia&ccedil;&atilde;o da Intervozes &eacute; insuficiente e problem&aacute;tico. Garante uma representa&ccedil;&atilde;o excessiva do empresariado e estabelece um quorum para a vota&ccedil;&atilde;o de temas pol&ecirc;micos muito alto, instrumento que n&atilde;o foi utilizado em nenhuma confer&ecirc;ncia pelo menos desde 2003&rdquo;, analisou Jonas Valente, representante do coletivo.<\/p>\n<p><strong>Ranking da baixaria<\/strong><\/p>\n<p>A Comiss&atilde;o dos Direitos Humanos tamb&eacute;m realizou outro debate sobre o conte&uacute;do veiculado nas TVs brasileiras. O ponto alto foi a apresenta&ccedil;&atilde;o do 16&ordm; Ranking da Baixaria na TV. O programa esportivo &ldquo;Jogo Aberto&rdquo; da TV Bandeirantes lidera a lista deste ano com 88 den&uacute;ncias sobre desrespeito &agrave;s torcidas de futebol, incita&ccedil;&atilde;o &agrave; viol&ecirc;ncia e vocabul&aacute;rio impr&oacute;prio.<\/p>\n<p>O &ldquo;P&acirc;nico na TV&rdquo; e &ldquo;SuperPop&rdquo;, os dois da Rede TV v&ecirc;m em seguida. Eles j&aacute; haviam aparecidos nos rankins de 2006 e 2008. &ldquo;Na Mira&rdquo; (TV Aratu\/SBT &ndash; Salvador-BA) e &ldquo;Se liga Boc&atilde;o&rdquo; (TV Itapoan\/Record) s&atilde;o o quarto e quinto colocados, respectivamente.<\/p>\n<p>Apelo sexual, incita&ccedil;&atilde;o &agrave; viol&ecirc;ncia, apologia ao crime, desrespeito aos valores &eacute;ticos da fam&iacute;lia e hor&aacute;rio impr&oacute;prio s&atilde;o principais reclama&ccedil;&otilde;es nas den&uacute;ncias feitas pela site da campanha (www.eticanatv.org.br) e do Disque C&acirc;mara (0800619619).<\/p>\n","protected":false},"excerpt":{"rendered":"<p>Acordo sobre regimento foi tema principal das manifesta&ccedil;&otilde;es em audi&ecirc;ncia da Comiss&atilde;o de Direito Humanos e Minorias da C&acirc;mara<\/p>\n","protected":false},"author":1,"featured_media":0,"comment_status":"open","ping_status":"open","sticky":false,"template":"","format":"standard","meta":{"footnotes":""},"categories":[40],"tags":[807],"_links":{"self":[{"href":"https:\/\/obscom.intervozes.org.br\/index.php?rest_route=\/wp\/v2\/posts\/23251"}],"collection":[{"href":"https:\/\/obscom.intervozes.org.br\/index.php?rest_route=\/wp\/v2\/posts"}],"about":[{"href":"https:\/\/obscom.intervozes.org.br\/index.php?rest_route=\/wp\/v2\/types\/post"}],"author":[{"embeddable":true,"href":"https:\/\/obscom.intervozes.org.br\/index.php?rest_route=\/wp\/v2\/users\/1"}],"replies":[{"embeddable":true,"href":"https:\/\/obscom.intervozes.org.br\/index.php?rest_route=%2Fwp%2Fv2%2Fcomments&post=23251"}],"version-history":[{"count":0,"href":"https:\/\/obscom.intervozes.org.br\/index.php?rest_route=\/wp\/v2\/posts\/23251\/revisions"}],"wp:attachment":[{"href":"https:\/\/obscom.intervozes.org.br\/index.php?rest_route=%2Fwp%2Fv2%2Fmedia&parent=23251"}],"wp:term":[{"taxonomy":"category","embeddable":true,"href":"https:\/\/obscom.intervozes.org.br\/index.php?rest_route=%2Fwp%2Fv2%2Fcategories&post=23251"},{"taxonomy":"post_tag","embeddable":true,"href":"https:\/\/obscom.intervozes.org.br\/index.php?rest_route=%2Fwp%2Fv2%2Ftags&post=23251"}],"curies":[{"name":"wp","href":"https:\/\/api.w.org\/{rel}","templated":true}]}}