{"id":23247,"date":"2009-08-25T17:30:16","date_gmt":"2009-08-25T17:30:16","guid":{"rendered":"https:\/\/obscom.intervozes.org.br\/wordpress\/?p=23247"},"modified":"2009-08-25T17:30:16","modified_gmt":"2009-08-25T17:30:16","slug":"industrias-e-anunciantes-fecham-acordo-sobre-anuncios-dirigido-ao-publico-infanto-juvenil","status":"publish","type":"post","link":"https:\/\/obscom.intervozes.org.br\/?p=23247","title":{"rendered":"Ind\u00fastrias e anunciantes fecham acordo sobre an\u00fancios dirigido ao p\u00fablico infanto-juvenil"},"content":{"rendered":"<p><span class=\"padrao\"><em>[T&iacute;tulo original: An&uacute;ncios deixam de ser dirigidos a crian&ccedil;as]<\/em><\/p>\n<p>A partir de hoje aumentam as restri&ccedil;&otilde;es &agrave; publicidade brasileira dirigida ao p&uacute;blico infanto-juvenil. A Associa&ccedil;&atilde;o Brasileira da Ind&uacute;stria de Alimentos (Abia), em parceria com a Associa&ccedil;&atilde;o Brasileira de Anunciantes (ABA), vai anunciar uma esp&eacute;cie de c&oacute;digo de conduta com o apoio de 24 companhias. Entre elas est&atilde;o Coca-Cola, Unilever, Nestl&eacute; e Sadia.<\/p>\n<p>O centro do acordo, cuja ades&atilde;o foi volunt&aacute;ria, &eacute; que as empresas deixar&atilde;o de fazer publicidade diretamente para crian&ccedil;as e pr&eacute;-adolescentes, e os pais passar&atilde;o a ser o p&uacute;blico-alvo. A decis&atilde;o de compra ficar&aacute; mais nas m&atilde;os dos pais, apesar do conhecido poder de convencimento dos pequenos consumidores.<\/p>\n<p>A Abia usou diversos estudos cient&iacute;ficos para convencer os associados &agrave; entidade e &agrave; ABA da import&acirc;ncia de criar restri&ccedil;&otilde;es &agrave; publicidade de alimentos e bebidas para as crian&ccedil;as. Pa&iacute;ses como EUA, Canad&aacute; e parte da Uni&atilde;o Europeia j&aacute; criaram regras para tirar o p&uacute;blico infantil do foco das empresas e ag&ecirc;ncias de publicidade.<\/p>\n<p>Algumas multinacionais, como Nestl&eacute;, Unilever e a Kraft Fojosdireitoaco, j&aacute; adotavam no Brasil uma linha muito parecida de comunica&ccedil;&atilde;o, de acordo com o c&oacute;digo de conduta das matrizes. A Nestl&eacute;, por exemplo, abandonou a divulga&ccedil;&atilde;o da linha infantil de alimentos nas escolas e deixou de fazer a degusta&ccedil;&atilde;o dos lan&ccedil;amentos nos supermercados. At&eacute; a Walt Disney aderiu &agrave; guerra contra os alimentos n&atilde;o saud&aacute;veis e limitou o licenciamento de seus personagens aos produtos que se enquadrem em certos crit&eacute;rios para caloria, gordura, gordura saturada e a&ccedil;&uacute;car.<\/p>\n<p>Al&eacute;m de vetar a comunica&ccedil;&atilde;o feita a crian&ccedil;as e pr&eacute;-adolescentes, o an&uacute;ncio de hoje regulamenta uma pr&aacute;tica que j&aacute; vinha sendo adotada por multinacionais: dar destaque &agrave;s caracter&iacute;sticas nutricionais do produto.<\/p>\n<p>No Brasil, o Conselho de Autorregulamenta&ccedil;&atilde;o Publicit&aacute;ria (Conar) come&ccedil;ou a criar regras para a publicidade infantil em 1978. Em 2006, o Conar ficou mais r&iacute;gido. Desde ent&atilde;o, a publicidade n&atilde;o pode estimular crian&ccedil;as e jovens ao consumo excessivo de alimentos e bebidas nem menosprezar a alimenta&ccedil;&atilde;o saud&aacute;vel. Frases como &quot;pe&ccedil;a para o seu pai comprar&quot; foram proibidas e alus&otilde;es a propriedades funcionais passaram a ter que ser comprovas.<\/p>\n<p>Hoje, o alvo da Ag&ecirc;ncia Nacional de Vigil&acirc;ncia Sanit&aacute;ria (Anvisa) s&atilde;o as propagandas de produtos com a&ccedil;&uacute;car, gordura e s&oacute;dio. H&aacute; quem defenda at&eacute; o fim dos comerciais de comidas com altos n&iacute;veis dessas subst&acirc;ncias das 6h &agrave;s 21h e o veto &agrave; associa&ccedil;&atilde;o entre brinquedo e alimento em qualquer hor&aacute;rio.<\/p>\n<p>Quem aderiu ao programa: AmBev, Batavo, Bob&#39;s, Burger King, Cadbury, Coca Cola Brasil, Danone, Eleg&ecirc;, Ferrero do Brasil, Garoto, General Mills, Grupo Bimbo, Grupo Schincariol, Kellog&#39;s, Kraft Fojosdireitoaco, Mars Brasil, McDonald&#39;s, Nestl&eacute; Brasil, Parmalat, Pepsico Alimentos, Pepsico Bebidas, Perdig&atilde;o, Sadia e Unilever<\/span><\/p>\n","protected":false},"excerpt":{"rendered":"<p>[T&iacute;tulo original: An&uacute;ncios deixam de ser dirigidos a crian&ccedil;as] A partir de hoje aumentam as restri&ccedil;&otilde;es &agrave; publicidade brasileira dirigida ao p&uacute;blico infanto-juvenil. A Associa&ccedil;&atilde;o Brasileira da Ind&uacute;stria de Alimentos (Abia), em parceria com a Associa&ccedil;&atilde;o Brasileira de Anunciantes (ABA), vai anunciar uma esp&eacute;cie de c&oacute;digo de conduta com o apoio de 24 companhias. Entre &hellip; <a href=\"https:\/\/obscom.intervozes.org.br\/?p=23247\" class=\"more-link\">Continue lendo <span class=\"screen-reader-text\">Ind\u00fastrias e anunciantes fecham acordo sobre an\u00fancios dirigido ao p\u00fablico infanto-juvenil<\/span> <span class=\"meta-nav\">&rarr;<\/span><\/a><\/p>\n","protected":false},"author":1,"featured_media":0,"comment_status":"open","ping_status":"open","sticky":false,"template":"","format":"standard","meta":{"footnotes":""},"categories":[40],"tags":[390],"_links":{"self":[{"href":"https:\/\/obscom.intervozes.org.br\/index.php?rest_route=\/wp\/v2\/posts\/23247"}],"collection":[{"href":"https:\/\/obscom.intervozes.org.br\/index.php?rest_route=\/wp\/v2\/posts"}],"about":[{"href":"https:\/\/obscom.intervozes.org.br\/index.php?rest_route=\/wp\/v2\/types\/post"}],"author":[{"embeddable":true,"href":"https:\/\/obscom.intervozes.org.br\/index.php?rest_route=\/wp\/v2\/users\/1"}],"replies":[{"embeddable":true,"href":"https:\/\/obscom.intervozes.org.br\/index.php?rest_route=%2Fwp%2Fv2%2Fcomments&post=23247"}],"version-history":[{"count":0,"href":"https:\/\/obscom.intervozes.org.br\/index.php?rest_route=\/wp\/v2\/posts\/23247\/revisions"}],"wp:attachment":[{"href":"https:\/\/obscom.intervozes.org.br\/index.php?rest_route=%2Fwp%2Fv2%2Fmedia&parent=23247"}],"wp:term":[{"taxonomy":"category","embeddable":true,"href":"https:\/\/obscom.intervozes.org.br\/index.php?rest_route=%2Fwp%2Fv2%2Fcategories&post=23247"},{"taxonomy":"post_tag","embeddable":true,"href":"https:\/\/obscom.intervozes.org.br\/index.php?rest_route=%2Fwp%2Fv2%2Ftags&post=23247"}],"curies":[{"name":"wp","href":"https:\/\/api.w.org\/{rel}","templated":true}]}}