{"id":23243,"date":"2009-08-25T16:38:27","date_gmt":"2009-08-25T16:38:27","guid":{"rendered":"https:\/\/obscom.intervozes.org.br\/wordpress\/?p=23243"},"modified":"2009-08-25T16:38:27","modified_gmt":"2009-08-25T16:38:27","slug":"deputados-vao-a-anatel-discutir-qualidade-de-servicos-de-telecom","status":"publish","type":"post","link":"https:\/\/obscom.intervozes.org.br\/?p=23243","title":{"rendered":"Deputados v\u00e3o \u00e0 Anatel discutir qualidade de servi\u00e7os de telecom"},"content":{"rendered":"<p>Os deputados da Comiss&atilde;o de Ci&ecirc;ncia e Tecnologia, Comunica&ccedil;&atilde;o e Inform&aacute;tica v&atilde;o se reunir com t&eacute;cnicos da Anatel para avaliar o cumprimento pela Telef&ocirc;nica dos planos de curto, m&eacute;dio e longo prazos definidos junto ao &oacute;rg&atilde;o regulador para garantir a estabilidade da rede de banda larga no Estado de S&atilde;o Paulo. A reuni&atilde;o, prevista inicialmente para esta semana, teve que ser adiada para a pr&oacute;xima ter&ccedil;a-feira (01\/09), &agrave;s 15h30, devido a problemas de agenda.<\/p>\n<p>O presidente da CCTCI, deputado Eduardo Gomes (PSDB-TO), informou durante reuni&atilde;o da comiss&atilde;o na semana passada (19\/08) que a visita acontecer&aacute; em conjunto com deputados da Comiss&atilde;o de Defesa do Consumidor da C&acirc;mara, que tamb&eacute;m debateu o assunto em audi&ecirc;ncia p&uacute;blica no m&ecirc;s de julho. Os deputados querem ter a certeza de que os investimentos e o planejamento necess&aacute;rios para manter a qualidade do servi&ccedil;o est&atilde;o sendo feitos pela operadora.<\/p>\n<p>Segundo ele, &eacute; importante tamb&eacute;m que o tema seja tratado conjuntamente pelas duas comiss&otilde;es, para que haja mais agilidade no repasse de informa&ccedil;&otilde;es, evitando &ldquo;retrabalho&rdquo;.<\/p>\n<p>Autor do requerimento que solicitou a audi&ecirc;ncia p&uacute;blica sobre o tema na CCTCI, o deputado Julio Semeghini (PSDB-SP) manifestou especial preocupa&ccedil;&atilde;o com os pequenos munic&iacute;pios do Estado, onde a banda larga ainda est&aacute; em implanta&ccedil;&atilde;o, e que foram diretamente afetados com a suspens&atilde;o da comercializa&ccedil;&atilde;o do servi&ccedil;o.<\/p>\n<p>Os deputados aproveitar&atilde;o a visita &agrave; Anatel para discutir tamb&eacute;m outros problemas do setor de telefonia, como o alto &iacute;ndice de reclama&ccedil;&otilde;es dos usu&aacute;rios registrado nos &oacute;rg&atilde;os de defesa do consumidor.<\/p>\n<p>A comercializa&ccedil;&atilde;o do servi&ccedil;o de banda larga foi suspensa pela Anatel no fim de junho, depois de sucessivos problemas na rede, que levaram a interrup&ccedil;&otilde;es do servi&ccedil;o. A ag&ecirc;ncia cobrou da empresa um plano de estabilidade para que o Speedy volte a ser comercializado.<\/p>\n","protected":false},"excerpt":{"rendered":"<p>Os deputados da Comiss&atilde;o de Ci&ecirc;ncia e Tecnologia, Comunica&ccedil;&atilde;o e Inform&aacute;tica v&atilde;o se reunir com t&eacute;cnicos da Anatel para avaliar o cumprimento pela Telef&ocirc;nica dos planos de curto, m&eacute;dio e longo prazos definidos junto ao &oacute;rg&atilde;o regulador para garantir a estabilidade da rede de banda larga no Estado de S&atilde;o Paulo. A reuni&atilde;o, prevista inicialmente &hellip; <a href=\"https:\/\/obscom.intervozes.org.br\/?p=23243\" class=\"more-link\">Continue lendo <span class=\"screen-reader-text\">Deputados v\u00e3o \u00e0 Anatel discutir qualidade de servi\u00e7os de telecom<\/span> <span class=\"meta-nav\">&rarr;<\/span><\/a><\/p>\n","protected":false},"author":1,"featured_media":0,"comment_status":"open","ping_status":"open","sticky":false,"template":"","format":"standard","meta":{"footnotes":""},"categories":[40],"tags":[329],"_links":{"self":[{"href":"https:\/\/obscom.intervozes.org.br\/index.php?rest_route=\/wp\/v2\/posts\/23243"}],"collection":[{"href":"https:\/\/obscom.intervozes.org.br\/index.php?rest_route=\/wp\/v2\/posts"}],"about":[{"href":"https:\/\/obscom.intervozes.org.br\/index.php?rest_route=\/wp\/v2\/types\/post"}],"author":[{"embeddable":true,"href":"https:\/\/obscom.intervozes.org.br\/index.php?rest_route=\/wp\/v2\/users\/1"}],"replies":[{"embeddable":true,"href":"https:\/\/obscom.intervozes.org.br\/index.php?rest_route=%2Fwp%2Fv2%2Fcomments&post=23243"}],"version-history":[{"count":0,"href":"https:\/\/obscom.intervozes.org.br\/index.php?rest_route=\/wp\/v2\/posts\/23243\/revisions"}],"wp:attachment":[{"href":"https:\/\/obscom.intervozes.org.br\/index.php?rest_route=%2Fwp%2Fv2%2Fmedia&parent=23243"}],"wp:term":[{"taxonomy":"category","embeddable":true,"href":"https:\/\/obscom.intervozes.org.br\/index.php?rest_route=%2Fwp%2Fv2%2Fcategories&post=23243"},{"taxonomy":"post_tag","embeddable":true,"href":"https:\/\/obscom.intervozes.org.br\/index.php?rest_route=%2Fwp%2Fv2%2Ftags&post=23243"}],"curies":[{"name":"wp","href":"https:\/\/api.w.org\/{rel}","templated":true}]}}