{"id":23242,"date":"2009-08-25T16:32:20","date_gmt":"2009-08-25T16:32:20","guid":{"rendered":"https:\/\/obscom.intervozes.org.br\/wordpress\/?p=23242"},"modified":"2009-08-25T16:32:20","modified_gmt":"2009-08-25T16:32:20","slug":"cctci-rejeita-projeto-que-cria-outorga-de-radio-e-tv-em-carater-provisorio","status":"publish","type":"post","link":"https:\/\/obscom.intervozes.org.br\/?p=23242","title":{"rendered":"CCTCI rejeita projeto que cria outorga de r\u00e1dio e TV &#8216;em car\u00e1ter provis\u00f3rio&#8217;"},"content":{"rendered":"<p>A Comiss&atilde;o de Ci&ecirc;ncia e Tecnologia, Comunica&ccedil;&atilde;o e Inform&aacute;tica (CCTCI) da C&acirc;mara dos Deputados rejeitou o projeto do deputado Silas C&acirc;mara (PSC-AM) que criava a figura da outorga de radiodifus&atilde;o em car&aacute;ter provis&oacute;rio. A proposta permitia que as entidades que tenham a outorga concedida pelo Executivo possam come&ccedil;ar a operar a emissora de r&aacute;dio ou TV enquanto aguardam a aprova&ccedil;&atilde;o do Congresso Nacional. <\/p>\n<p>O projeto previa que a outorga em car&aacute;ter provis&oacute;rio passasse a valer a partir de 90 dias ap&oacute;s a publica&ccedil;&atilde;o da portaria do Minist&eacute;rio das Comunica&ccedil;&otilde;es. Este &eacute; o prazo constitucional que a C&acirc;mara e o Senado t&ecirc;m para avaliar a concess&atilde;o. Apesar deste prazo de fato n&atilde;o ser cumprido, os deputados da CCTCI consideraram que a Constitui&ccedil;&atilde;o &eacute; clara ao afirmar que as outorgas s&oacute; s&atilde;o v&aacute;lidas ap&oacute;s a aprova&ccedil;&atilde;o do Congresso. Portanto, as entidades n&atilde;o poderiam iniciar suas transmiss&otilde;es antes da tramita&ccedil;&atilde;o nas duas casas legislativas.<\/p>\n<p>O parecer do deputado Bispo G&ecirc;, inicialmente pela aprova&ccedil;&atilde;o do projeto, foi modificado durante a reuni&atilde;o da comiss&atilde;o no dia 19, quando ocorreu a vota&ccedil;&atilde;o.<\/p>\n","protected":false},"excerpt":{"rendered":"<p>A Comiss&atilde;o de Ci&ecirc;ncia e Tecnologia, Comunica&ccedil;&atilde;o e Inform&aacute;tica (CCTCI) da C&acirc;mara dos Deputados rejeitou o projeto do deputado Silas C&acirc;mara (PSC-AM) que criava a figura da outorga de radiodifus&atilde;o em car&aacute;ter provis&oacute;rio. A proposta permitia que as entidades que tenham a outorga concedida pelo Executivo possam come&ccedil;ar a operar a emissora de r&aacute;dio ou &hellip; <a href=\"https:\/\/obscom.intervozes.org.br\/?p=23242\" class=\"more-link\">Continue lendo <span class=\"screen-reader-text\">CCTCI rejeita projeto que cria outorga de r\u00e1dio e TV &#8216;em car\u00e1ter provis\u00f3rio&#8217;<\/span> <span class=\"meta-nav\">&rarr;<\/span><\/a><\/p>\n","protected":false},"author":1,"featured_media":0,"comment_status":"open","ping_status":"open","sticky":false,"template":"","format":"standard","meta":{"footnotes":""},"categories":[39],"tags":[],"_links":{"self":[{"href":"https:\/\/obscom.intervozes.org.br\/index.php?rest_route=\/wp\/v2\/posts\/23242"}],"collection":[{"href":"https:\/\/obscom.intervozes.org.br\/index.php?rest_route=\/wp\/v2\/posts"}],"about":[{"href":"https:\/\/obscom.intervozes.org.br\/index.php?rest_route=\/wp\/v2\/types\/post"}],"author":[{"embeddable":true,"href":"https:\/\/obscom.intervozes.org.br\/index.php?rest_route=\/wp\/v2\/users\/1"}],"replies":[{"embeddable":true,"href":"https:\/\/obscom.intervozes.org.br\/index.php?rest_route=%2Fwp%2Fv2%2Fcomments&post=23242"}],"version-history":[{"count":0,"href":"https:\/\/obscom.intervozes.org.br\/index.php?rest_route=\/wp\/v2\/posts\/23242\/revisions"}],"wp:attachment":[{"href":"https:\/\/obscom.intervozes.org.br\/index.php?rest_route=%2Fwp%2Fv2%2Fmedia&parent=23242"}],"wp:term":[{"taxonomy":"category","embeddable":true,"href":"https:\/\/obscom.intervozes.org.br\/index.php?rest_route=%2Fwp%2Fv2%2Fcategories&post=23242"},{"taxonomy":"post_tag","embeddable":true,"href":"https:\/\/obscom.intervozes.org.br\/index.php?rest_route=%2Fwp%2Fv2%2Ftags&post=23242"}],"curies":[{"name":"wp","href":"https:\/\/api.w.org\/{rel}","templated":true}]}}