{"id":23238,"date":"2009-08-24T23:56:50","date_gmt":"2009-08-24T23:56:50","guid":{"rendered":"https:\/\/obscom.intervozes.org.br\/wordpress\/?p=23238"},"modified":"2009-08-24T23:56:50","modified_gmt":"2009-08-24T23:56:50","slug":"receita-de-telecomunicacoes-deve-registrar-retracao-de-7-em-2009","status":"publish","type":"post","link":"https:\/\/obscom.intervozes.org.br\/?p=23238","title":{"rendered":"Receita de telecomunica\u00e7\u00f5es deve registrar retra\u00e7\u00e3o de 7% em 2009"},"content":{"rendered":"<p> \t<!-- \t\t@page { margin: 2cm } \t\tP { margin-bottom: 0.21cm } \t--> \t <\/p>\n<p style=\"margin-bottom: 0cm\" class=\"western padrao\"><u><strong>Reproduzido do Telecom Online<\/strong><\/u><\/p>\n<p>A forte redu&ccedil;&atilde;o do mercado de terminais, principalmente nas vendas externas, ter&aacute; um grande efeito sobre a queda de 7% no faturamento do setor de telecomunica&ccedil;&otilde;es este ano. A previs&atilde;o &eacute; da Abinee (Associa&ccedil;&atilde;o Brasileira da Ind&uacute;stria El&eacute;trica e Eletr&ocirc;nica). Segundo o diretor de telecomunica&ccedil;&otilde;es da entidade, Paulo Castelo Branco, a &aacute;rea de infraestrutura dever&aacute; ter uma recupera&ccedil;&atilde;o, com crescimento de 6%, mas a de celulares apresentar&aacute; um desempenho 9% abaixo da performance de 2008.<\/p>\n<p>No ano, as empresas de telecomunica&ccedil;&otilde;es devem atingir uma receita de R$ 20 bilh&otilde;es, contra R$ 21,5 bilh&otilde;es na compara&ccedil;&atilde;o com 2008. Para Castelo Branco, a &aacute;rea de infraestrutura dever&aacute; reagir mais fortemente no segundo semestre a partir da retomada de investimentos como a da Oi, que ap&oacute;s a aquisi&ccedil;&atilde;o da Brasil Telecom deu uma parada para nova an&aacute;lise na aplica&ccedil;&atilde;o de recursos. &quot;No segundo semestre do ano passado, essa &aacute;rea n&atilde;o sentiu a crise internacional&quot;, comentou o executivo. Por esse motivo, no primeiro semestre deste ano houve um crescimento de 5% na compara&ccedil;&atilde;o com igual per&iacute;odo de 2008.<\/p>\n<p>J&aacute; o mercado de terminais tem resultados menos animadores. Na opini&atilde;o de Castelo Branco, este ano ser&atilde;o vendidos 62 milh&otilde;es de terminais, contra 73 milh&otilde;es no ano passado. Na exporta&ccedil;&atilde;o, a proje&ccedil;&atilde;o &eacute; de venda de 20 milh&otilde;es de aparelhos, contra 25 milh&otilde;es em 2008. Nos seis primeiros meses do ano, a receita da exporta&ccedil;&atilde;o de celulares atingiu R$ 674 milh&otilde;es, uma queda de 40% sobre o mesmo per&iacute;odo de 2008. Mesmo assim, o produto liderou as exporta&ccedil;&otilde;es do setor eletroeletr&ocirc;nico. No geral, as exporta&ccedil;&otilde;es da &aacute;rea de telecomunica&ccedil;&otilde;es ca&iacute;ram 38% no primeiro semestre, com um total de R$ 796 milh&otilde;es.<em> (Wanise Ferreira)<\/em><\/p>\n","protected":false},"excerpt":{"rendered":"<p>Reproduzido do Telecom Online A forte redu&ccedil;&atilde;o do mercado de terminais, principalmente nas vendas externas, ter&aacute; um grande efeito sobre a queda de 7% no faturamento do setor de telecomunica&ccedil;&otilde;es este ano. A previs&atilde;o &eacute; da Abinee (Associa&ccedil;&atilde;o Brasileira da Ind&uacute;stria El&eacute;trica e Eletr&ocirc;nica). Segundo o diretor de telecomunica&ccedil;&otilde;es da entidade, Paulo Castelo Branco, a &hellip; <a href=\"https:\/\/obscom.intervozes.org.br\/?p=23238\" class=\"more-link\">Continue lendo <span class=\"screen-reader-text\">Receita de telecomunica\u00e7\u00f5es deve registrar retra\u00e7\u00e3o de 7% em 2009<\/span> <span class=\"meta-nav\">&rarr;<\/span><\/a><\/p>\n","protected":false},"author":1,"featured_media":0,"comment_status":"open","ping_status":"open","sticky":false,"template":"","format":"standard","meta":{"footnotes":""},"categories":[39],"tags":[],"_links":{"self":[{"href":"https:\/\/obscom.intervozes.org.br\/index.php?rest_route=\/wp\/v2\/posts\/23238"}],"collection":[{"href":"https:\/\/obscom.intervozes.org.br\/index.php?rest_route=\/wp\/v2\/posts"}],"about":[{"href":"https:\/\/obscom.intervozes.org.br\/index.php?rest_route=\/wp\/v2\/types\/post"}],"author":[{"embeddable":true,"href":"https:\/\/obscom.intervozes.org.br\/index.php?rest_route=\/wp\/v2\/users\/1"}],"replies":[{"embeddable":true,"href":"https:\/\/obscom.intervozes.org.br\/index.php?rest_route=%2Fwp%2Fv2%2Fcomments&post=23238"}],"version-history":[{"count":0,"href":"https:\/\/obscom.intervozes.org.br\/index.php?rest_route=\/wp\/v2\/posts\/23238\/revisions"}],"wp:attachment":[{"href":"https:\/\/obscom.intervozes.org.br\/index.php?rest_route=%2Fwp%2Fv2%2Fmedia&parent=23238"}],"wp:term":[{"taxonomy":"category","embeddable":true,"href":"https:\/\/obscom.intervozes.org.br\/index.php?rest_route=%2Fwp%2Fv2%2Fcategories&post=23238"},{"taxonomy":"post_tag","embeddable":true,"href":"https:\/\/obscom.intervozes.org.br\/index.php?rest_route=%2Fwp%2Fv2%2Ftags&post=23238"}],"curies":[{"name":"wp","href":"https:\/\/api.w.org\/{rel}","templated":true}]}}