{"id":23236,"date":"2009-08-24T23:53:17","date_gmt":"2009-08-24T23:53:17","guid":{"rendered":"https:\/\/obscom.intervozes.org.br\/wordpress\/?p=23236"},"modified":"2009-08-24T23:53:17","modified_gmt":"2009-08-24T23:53:17","slug":"jornalistas-sao-agredidos-e-ameacados-em-evento-politico-no-amazonas","status":"publish","type":"post","link":"https:\/\/obscom.intervozes.org.br\/?p=23236","title":{"rendered":"Jornalistas s\u00e3o agredidos e amea\u00e7ados em evento pol\u00edtico no Amazonas"},"content":{"rendered":"<p> \t<!-- \t\t@page { margin: 2cm } \t\tP { margin-bottom: 0.21cm } \t--> \t <\/p>\n<p style=\"margin-bottom: 0cm\" class=\"western padrao\">Os rep&oacute;rteres Paula Litaiff e Arlesson Sics&uacute;, do Di&aacute;rio do Amazonas, foram amea&ccedil;ados e agredidos com empurr&otilde;es e palavr&otilde;es enquanto cobriam conven&ccedil;&atilde;o da coaliz&atilde;o &ldquo;Unidos por Coari&rdquo;, na cidade de mesmo nome, neste domingo (23\/05).<\/p>\n<p>Segundo mat&eacute;ria publicada pelo pr&oacute;prio jornal, um grupo de pessoas tentou impedir os jornalistas de acompanhar o discurso do candidato a prefeito Vicente Lira. Coari ter&aacute; elei&ccedil;&atilde;o municipal no dia 22\/09 porque o ex-prefeito Rodrigo Alves foi cassado pela Justi&ccedil;a Eleitoral em junho, ap&oacute;s ter sido condenado por compra de votos.<\/p>\n<p>De acordo com o relato de Paula, um homem que se identificou como seguran&ccedil;a do ex-prefeito amea&ccedil;ou &ldquo;esmurrar a equipe de reportagem&rdquo; caso os jornalistas n&atilde;o sa&iacute;ssem do gin&aacute;sio municipal, onde a conven&ccedil;&atilde;o aconteceu. O homem empurrou Paula, al&eacute;m de amea&ccedil;ar destruir os equipamentos.<\/p>\n<p>Uma mulher, que estava com o suposto seguran&ccedil;a, amea&ccedil;ou chamar outras pessoas para agredir os jornalistas. &ldquo;Eles s&atilde;o contra o Rodrigo e t&ecirc;m que apanhar&rdquo;, teria dito, segundo relato de Paula.<\/p>\n<p>&ldquo;Se voc&ecirc;s ficarem mais um minuto aqui v&atilde;o apanhar de todo mundo&rdquo;, teria dito um outro homem.<\/p>\n<p style=\"margin-bottom: 0cm\" class=\"western padrao\">Seis agentes da Guarda Metropolitana que estava no local s&oacute; intervieram ap&oacute;s o chefe da Casa Civil, Daniel Maciel, pedir aux&iacute;lio. Um guarda pediu para que os agressores se afastassem. Mesmo assim, as amea&ccedil;as continuaram.<\/p>\n","protected":false},"excerpt":{"rendered":"<p>Os rep&oacute;rteres Paula Litaiff e Arlesson Sics&uacute;, do Di&aacute;rio do Amazonas, foram amea&ccedil;ados e agredidos com empurr&otilde;es e palavr&otilde;es enquanto cobriam conven&ccedil;&atilde;o da coaliz&atilde;o &ldquo;Unidos por Coari&rdquo;, na cidade de mesmo nome, neste domingo (23\/05). Segundo mat&eacute;ria publicada pelo pr&oacute;prio jornal, um grupo de pessoas tentou impedir os jornalistas de acompanhar o discurso do candidato &hellip; <a href=\"https:\/\/obscom.intervozes.org.br\/?p=23236\" class=\"more-link\">Continue lendo <span class=\"screen-reader-text\">Jornalistas s\u00e3o agredidos e amea\u00e7ados em evento pol\u00edtico no Amazonas<\/span> <span class=\"meta-nav\">&rarr;<\/span><\/a><\/p>\n","protected":false},"author":1,"featured_media":0,"comment_status":"open","ping_status":"open","sticky":false,"template":"","format":"standard","meta":{"footnotes":""},"categories":[40],"tags":[1088],"_links":{"self":[{"href":"https:\/\/obscom.intervozes.org.br\/index.php?rest_route=\/wp\/v2\/posts\/23236"}],"collection":[{"href":"https:\/\/obscom.intervozes.org.br\/index.php?rest_route=\/wp\/v2\/posts"}],"about":[{"href":"https:\/\/obscom.intervozes.org.br\/index.php?rest_route=\/wp\/v2\/types\/post"}],"author":[{"embeddable":true,"href":"https:\/\/obscom.intervozes.org.br\/index.php?rest_route=\/wp\/v2\/users\/1"}],"replies":[{"embeddable":true,"href":"https:\/\/obscom.intervozes.org.br\/index.php?rest_route=%2Fwp%2Fv2%2Fcomments&post=23236"}],"version-history":[{"count":0,"href":"https:\/\/obscom.intervozes.org.br\/index.php?rest_route=\/wp\/v2\/posts\/23236\/revisions"}],"wp:attachment":[{"href":"https:\/\/obscom.intervozes.org.br\/index.php?rest_route=%2Fwp%2Fv2%2Fmedia&parent=23236"}],"wp:term":[{"taxonomy":"category","embeddable":true,"href":"https:\/\/obscom.intervozes.org.br\/index.php?rest_route=%2Fwp%2Fv2%2Fcategories&post=23236"},{"taxonomy":"post_tag","embeddable":true,"href":"https:\/\/obscom.intervozes.org.br\/index.php?rest_route=%2Fwp%2Fv2%2Ftags&post=23236"}],"curies":[{"name":"wp","href":"https:\/\/api.w.org\/{rel}","templated":true}]}}