{"id":23234,"date":"2009-08-24T23:46:10","date_gmt":"2009-08-24T23:46:10","guid":{"rendered":"https:\/\/obscom.intervozes.org.br\/wordpress\/?p=23234"},"modified":"2009-08-24T23:46:10","modified_gmt":"2009-08-24T23:46:10","slug":"senadores-querem-definir-criterios-para-licencas-de-comunitarias-e-educativas","status":"publish","type":"post","link":"https:\/\/obscom.intervozes.org.br\/?p=23234","title":{"rendered":"Senadores querem definir crit\u00e9rios para licen\u00e7as de comunit\u00e1rias e educativas"},"content":{"rendered":"<p> \t<!-- \t\t@page { margin: 2cm } \t\tP { margin-bottom: 0.21cm } \t--> \t <\/p>\n<p style=\"margin-bottom: 0cm\" class=\"western\"><em><span class=\"padrao\">[T&iacute;tulo original: Comiss&atilde;o do senado debate r&aacute;dio comunit&aacute;ria na quarta<\/span>]<\/em><\/p>\n<p>A Comiss&atilde;o de Ci&ecirc;ncia, Tecnologia do Senado vai realizar audi&ecirc;ncia p&uacute;blica, na pr&oacute;xima quarta-feira (26), para tratar da situa&ccedil;&atilde;o das r&aacute;dios comunit&aacute;rias e TVs educativas. O objetivo &eacute; definir crit&eacute;rios para aprova&ccedil;&atilde;o das licen&ccedil;as para o funcionamento dessas emissoras.<\/p>\n<p>A decis&atilde;o foi tomada pelo presidente da comiss&atilde;o, senador Flexa Ribeiro (PSDB-PA), diante da posi&ccedil;&atilde;o do senador Lob&atilde;o Filho (PMDB-MA), que informou a apresenta&ccedil;&atilde;o de voto para impedir que a mesma entidade seja propriet&aacute;ria de r&aacute;dios comunit&aacute;rias em localidades diferentes.<\/p>\n<p>O senador Gerson Camata (PMDB-ES), por sua vez, considera inconstitucional a proibi&ccedil;&atilde;o sugerida por Lob&atilde;o Filho. Em sua opini&atilde;o, n&atilde;o se pode limitar para as comunidades o que &eacute; permitido para o setor privado. &Eacute; necess&aacute;rio, para ele, democratizar a comunica&ccedil;&atilde;o no pa&iacute;s. <\/p>\n<p>O senador Roberto Cavalcanti (PRB-PB) tamb&eacute;m disse apoiar a democratiza&ccedil;&atilde;o da propriedade dos ve&iacute;culos, mas alertou para o fato de que, diferentemente das concess&otilde;es para a iniciativa privada, as das r&aacute;dios comunit&aacute;rias s&atilde;o gratuitas.<\/p>\n<p>Flexa Ribeiro quer a contribui&ccedil;&atilde;o do Minist&eacute;rio das Comunica&ccedil;&otilde;es na defini&ccedil;&atilde;o dos crit&eacute;rios e determinou &agrave; secretaria da CCT para que n&atilde;o coloque em pauta qualquer projeto que fa&ccedil;a refer&ecirc;ncia ao exerc&iacute;cio de outras atividades pelas r&aacute;dios comunit&aacute;rias enquanto n&atilde;o se tenha uma defini&ccedil;&atilde;o oficial sobre a quest&atilde;o.<\/p>\n","protected":false},"excerpt":{"rendered":"<p>[T&iacute;tulo original: Comiss&atilde;o do senado debate r&aacute;dio comunit&aacute;ria na quarta] A Comiss&atilde;o de Ci&ecirc;ncia, Tecnologia do Senado vai realizar audi&ecirc;ncia p&uacute;blica, na pr&oacute;xima quarta-feira (26), para tratar da situa&ccedil;&atilde;o das r&aacute;dios comunit&aacute;rias e TVs educativas. O objetivo &eacute; definir crit&eacute;rios para aprova&ccedil;&atilde;o das licen&ccedil;as para o funcionamento dessas emissoras. A decis&atilde;o foi tomada pelo presidente &hellip; <a href=\"https:\/\/obscom.intervozes.org.br\/?p=23234\" class=\"more-link\">Continue lendo <span class=\"screen-reader-text\">Senadores querem definir crit\u00e9rios para licen\u00e7as de comunit\u00e1rias e educativas<\/span> <span class=\"meta-nav\">&rarr;<\/span><\/a><\/p>\n","protected":false},"author":1,"featured_media":0,"comment_status":"open","ping_status":"open","sticky":false,"template":"","format":"standard","meta":{"footnotes":""},"categories":[40],"tags":[230],"_links":{"self":[{"href":"https:\/\/obscom.intervozes.org.br\/index.php?rest_route=\/wp\/v2\/posts\/23234"}],"collection":[{"href":"https:\/\/obscom.intervozes.org.br\/index.php?rest_route=\/wp\/v2\/posts"}],"about":[{"href":"https:\/\/obscom.intervozes.org.br\/index.php?rest_route=\/wp\/v2\/types\/post"}],"author":[{"embeddable":true,"href":"https:\/\/obscom.intervozes.org.br\/index.php?rest_route=\/wp\/v2\/users\/1"}],"replies":[{"embeddable":true,"href":"https:\/\/obscom.intervozes.org.br\/index.php?rest_route=%2Fwp%2Fv2%2Fcomments&post=23234"}],"version-history":[{"count":0,"href":"https:\/\/obscom.intervozes.org.br\/index.php?rest_route=\/wp\/v2\/posts\/23234\/revisions"}],"wp:attachment":[{"href":"https:\/\/obscom.intervozes.org.br\/index.php?rest_route=%2Fwp%2Fv2%2Fmedia&parent=23234"}],"wp:term":[{"taxonomy":"category","embeddable":true,"href":"https:\/\/obscom.intervozes.org.br\/index.php?rest_route=%2Fwp%2Fv2%2Fcategories&post=23234"},{"taxonomy":"post_tag","embeddable":true,"href":"https:\/\/obscom.intervozes.org.br\/index.php?rest_route=%2Fwp%2Fv2%2Ftags&post=23234"}],"curies":[{"name":"wp","href":"https:\/\/api.w.org\/{rel}","templated":true}]}}