{"id":23226,"date":"2009-08-21T15:42:21","date_gmt":"2009-08-21T15:42:21","guid":{"rendered":"https:\/\/obscom.intervozes.org.br\/wordpress\/?p=23226"},"modified":"2009-08-21T15:42:21","modified_gmt":"2009-08-21T15:42:21","slug":"defesa-do-consumidor-discutira-ampliacao-do-acesso-a-internet","status":"publish","type":"post","link":"https:\/\/obscom.intervozes.org.br\/?p=23226","title":{"rendered":"Defesa do Consumidor discutir\u00e1 amplia\u00e7\u00e3o do acesso \u00e0 internet"},"content":{"rendered":"<p><u><strong>Reproduzido da Ag&ecirc;ncia C&acirc;mara<\/strong><\/u> <\/p>\n<p>A Comiss&atilde;o de Defesa do Consumidor decidiu realizar audi&ecirc;ncia p&uacute;blica para discutir formas de ampliar o acesso &agrave; internet e &agrave; banda larga no Brasil.<\/p>\n<p>O debate foi proposto pelo deputado Ivan Valente (Psol-SP). Segundo ele, as diretrizes para as pol&iacute;ticas de inclus&atilde;o digital devem ir al&eacute;m dos limites tra&ccedil;ados pelo mercado, de forma a garantir o acesso ao conhecimento pela popula&ccedil;&atilde;o brasileira e, consequentemente, o aumento das perspectivas de supera&ccedil;&atilde;o da exclus&atilde;o econ&ocirc;mica e social. O deputado citou os resultados da &uacute;ltima pesquisa TIC Domic&iacute;lios sobre o Uso das Tecnologias da Informa&ccedil;&atilde;o e da Comunica&ccedil;&atilde;o no Brasil. Conforme a pesquisa, h&aacute; 60 milh&otilde;es de usu&aacute;rios de computadores (38% da popula&ccedil;&atilde;o) e 54 milh&otilde;es de usu&aacute;rios de Internet (34% da popula&ccedil;&atilde;o).<\/p>\n<p>Entre aqueles que ganham mais de 5 sal&aacute;rios m&iacute;nimos, o percentual de acesso &agrave; internet salta para 68%. Entretanto, cerca de 59% da popula&ccedil;&atilde;o brasileira nunca usaram a internet, sendo que, deste total, para 31% o custo do acesso &eacute; o maior impeditivo. &quot;Nos pa&iacute;ses onde h&aacute; uma efetiva concorr&ecirc;ncia na oferta do servi&ccedil;o, pessoas pagam cerca de R$ 30 mensais por uma capacidade de acesso de 2 Megabits por segundo, enquanto no Brasil uma capacidade inferior a um quarto disso custa 2 ou 3 vezes mais&quot;, afirmou o deputado.<\/p>\n<p>Convidados <br \/>O deputado prop&ocirc;s que sejam convidados para o debate:<br \/>&#8211; um representante da Anatel;<br \/>&#8211; um representante do Minist&eacute;rio das Comunica&ccedil;&otilde;es;<br \/>&#8211; um representante do Instituto de Defesa do Consumidor (Idec);<br \/>&#8211; o professor da Universidade Federal do Rio de Janeiro Marcos Dantas;<br \/>&#8211; a advogada e fundadora da Associa&ccedil;&atilde;o Pro Teste Consumidores Fl&aacute;via Lef&eacute;vre Guimar&atilde;es;<br \/>&#8211; o representante da sociedade civil no Comit&ecirc; Gestor da Internet no Brasil Gustavo Gindre.<\/p>\n<p>A data da audi&ecirc;ncia ainda n&atilde;o foi marcada.<\/p>\n","protected":false},"excerpt":{"rendered":"<p>Reproduzido da Ag&ecirc;ncia C&acirc;mara A Comiss&atilde;o de Defesa do Consumidor decidiu realizar audi&ecirc;ncia p&uacute;blica para discutir formas de ampliar o acesso &agrave; internet e &agrave; banda larga no Brasil. O debate foi proposto pelo deputado Ivan Valente (Psol-SP). Segundo ele, as diretrizes para as pol&iacute;ticas de inclus&atilde;o digital devem ir al&eacute;m dos limites tra&ccedil;ados pelo &hellip; <a href=\"https:\/\/obscom.intervozes.org.br\/?p=23226\" class=\"more-link\">Continue lendo <span class=\"screen-reader-text\">Defesa do Consumidor discutir\u00e1 amplia\u00e7\u00e3o do acesso \u00e0 internet<\/span> <span class=\"meta-nav\">&rarr;<\/span><\/a><\/p>\n","protected":false},"author":1,"featured_media":0,"comment_status":"open","ping_status":"open","sticky":false,"template":"","format":"standard","meta":{"footnotes":""},"categories":[39],"tags":[],"_links":{"self":[{"href":"https:\/\/obscom.intervozes.org.br\/index.php?rest_route=\/wp\/v2\/posts\/23226"}],"collection":[{"href":"https:\/\/obscom.intervozes.org.br\/index.php?rest_route=\/wp\/v2\/posts"}],"about":[{"href":"https:\/\/obscom.intervozes.org.br\/index.php?rest_route=\/wp\/v2\/types\/post"}],"author":[{"embeddable":true,"href":"https:\/\/obscom.intervozes.org.br\/index.php?rest_route=\/wp\/v2\/users\/1"}],"replies":[{"embeddable":true,"href":"https:\/\/obscom.intervozes.org.br\/index.php?rest_route=%2Fwp%2Fv2%2Fcomments&post=23226"}],"version-history":[{"count":0,"href":"https:\/\/obscom.intervozes.org.br\/index.php?rest_route=\/wp\/v2\/posts\/23226\/revisions"}],"wp:attachment":[{"href":"https:\/\/obscom.intervozes.org.br\/index.php?rest_route=%2Fwp%2Fv2%2Fmedia&parent=23226"}],"wp:term":[{"taxonomy":"category","embeddable":true,"href":"https:\/\/obscom.intervozes.org.br\/index.php?rest_route=%2Fwp%2Fv2%2Fcategories&post=23226"},{"taxonomy":"post_tag","embeddable":true,"href":"https:\/\/obscom.intervozes.org.br\/index.php?rest_route=%2Fwp%2Fv2%2Ftags&post=23226"}],"curies":[{"name":"wp","href":"https:\/\/api.w.org\/{rel}","templated":true}]}}