{"id":23223,"date":"2009-08-20T16:53:01","date_gmt":"2009-08-20T16:53:01","guid":{"rendered":"https:\/\/obscom.intervozes.org.br\/wordpress\/?p=23223"},"modified":"2009-08-20T16:53:01","modified_gmt":"2009-08-20T16:53:01","slug":"deputados-preveem-votacao-rapida-na-comissao-de-comunicacao","status":"publish","type":"post","link":"https:\/\/obscom.intervozes.org.br\/?p=23223","title":{"rendered":"Deputados prev\u00eaem vota\u00e7\u00e3o r\u00e1pida na Comiss\u00e3o de Comunica\u00e7\u00e3o"},"content":{"rendered":"<p><span class=\"padrao\">Uma vez conclu&iacute;da a vota&ccedil;&atilde;o dos destaques ao PL 29\/2007 na Comiss&atilde;o de Defesa do Consumidor, o que deve acontecer na pr&oacute;xima semana, o projeto volta &agrave; Comiss&atilde;o de Ci&ecirc;ncia, Tecnologia, Comunica&ccedil;&atilde;o e Inform&aacute;tica (CCTCI). Segundo o presidente da CCTCI, deputado Eduardo Gomes (PSDB\/TO), a expectativa &eacute; de r&aacute;pida vota&ccedil;&atilde;o. &quot;Quero que o texto seja votado pela nossa comiss&atilde;o em tr&ecirc;s semanas no m&aacute;ximo&quot;, diz. Ele explica que n&atilde;o haver&aacute; mais audi&ecirc;ncias p&uacute;blicas, apenas reuni&otilde;es de trabalho com os interessados no projeto. &quot;O que for consensual fica. O que for divergente, decidiremos no voto&quot;, informa o deputado. O relator da mat&eacute;ria, deputado Paulo Henrique Lustosa (PMDB\/CE) confirma que esse &eacute; o entendimento da CCTCI e &eacute; nessa linha que ele deve seguir. Mas h&aacute; algumas turbul&ecirc;ncias no horizonte. <br \/><strong><br \/>Simplifica&ccedil;&atilde;o <\/strong><\/p>\n<p>Segundo Lustosa, o objetivo original do PL 29\/2007 &eacute; resolver uma situa&ccedil;&atilde;o conjuntural. &quot;As empresas de telecomunica&ccedil;&otilde;es j&aacute; est&atilde;o entrando no mercado de TV por assinatura. Ent&atilde;o, a ideia &eacute; ajustar essa situa&ccedil;&atilde;o da Lei do Cabo. Mas n&atilde;o podemos usar esse projeto para fazer mudan&ccedil;as estruturais no setor de telecomunica&ccedil;&otilde;es e de radiodifus&atilde;o, dois setores que t&ecirc;m seus marcos regulat&oacute;rios t&atilde;o bem definidos&quot;, disse, ao ser questionado por este notici&aacute;rio especificamente sobre a divis&atilde;o do mercado de conte&uacute;do e distribui&ccedil;&atilde;o entre empresas de radiodifus&atilde;o e telecom, respectivamente. Essa divis&atilde;o de territ&oacute;rios foi o ponto mais importante das negocia&ccedil;&otilde;es feitas at&eacute; aqui. Para Paulo Henrique Lustosa, contudo, essa &eacute; uma quest&atilde;o muito importante &quot;para ser tratada em apenas dois par&aacute;grafos&quot;. E conclui: &quot;se for entrar nessa discuss&atilde;o, ser&aacute; dif&iacute;cil aprovar em duas semanas&quot;. Outros pontos que Lustosa deve deixar de fora s&atilde;o quest&otilde;es j&aacute; reguladas pela Anatel. &quot;N&atilde;o precisamos promover quest&otilde;es menores a assunto de lei&quot;, diz, referindo-se, por exemplo, &agrave; proposta da Comiss&atilde;o de Defesa do Consumidor de legislar sobre a quest&atilde;o do ponto extra. <\/p>\n<p>Sobre a quest&atilde;o das cotas de conte&uacute;do, tanto o deputado Paulo Henrique Lustosa quanto o deputado Eduardo Gomes acreditam que haja algum espa&ccedil;o para discuss&atilde;o agora, mas lembram que essa quest&atilde;o ser&aacute; abordada pela Confer&ecirc;ncia Nacional de Comunica&ccedil;&atilde;o no final do ano, de onde se pode inferir que se o assunto se tornar muito pol&ecirc;mico, ser&aacute; deixado para depois da Confecom.<\/span><\/p>\n","protected":false},"excerpt":{"rendered":"<p>Uma vez conclu&iacute;da a vota&ccedil;&atilde;o dos destaques ao PL 29\/2007 na Comiss&atilde;o de Defesa do Consumidor, o que deve acontecer na pr&oacute;xima semana, o projeto volta &agrave; Comiss&atilde;o de Ci&ecirc;ncia, Tecnologia, Comunica&ccedil;&atilde;o e Inform&aacute;tica (CCTCI). Segundo o presidente da CCTCI, deputado Eduardo Gomes (PSDB\/TO), a expectativa &eacute; de r&aacute;pida vota&ccedil;&atilde;o. &quot;Quero que o texto seja &hellip; <a href=\"https:\/\/obscom.intervozes.org.br\/?p=23223\" class=\"more-link\">Continue lendo <span class=\"screen-reader-text\">Deputados prev\u00eaem vota\u00e7\u00e3o r\u00e1pida na Comiss\u00e3o de Comunica\u00e7\u00e3o<\/span> <span class=\"meta-nav\">&rarr;<\/span><\/a><\/p>\n","protected":false},"author":1,"featured_media":0,"comment_status":"open","ping_status":"open","sticky":false,"template":"","format":"standard","meta":{"footnotes":""},"categories":[40],"tags":[556],"_links":{"self":[{"href":"https:\/\/obscom.intervozes.org.br\/index.php?rest_route=\/wp\/v2\/posts\/23223"}],"collection":[{"href":"https:\/\/obscom.intervozes.org.br\/index.php?rest_route=\/wp\/v2\/posts"}],"about":[{"href":"https:\/\/obscom.intervozes.org.br\/index.php?rest_route=\/wp\/v2\/types\/post"}],"author":[{"embeddable":true,"href":"https:\/\/obscom.intervozes.org.br\/index.php?rest_route=\/wp\/v2\/users\/1"}],"replies":[{"embeddable":true,"href":"https:\/\/obscom.intervozes.org.br\/index.php?rest_route=%2Fwp%2Fv2%2Fcomments&post=23223"}],"version-history":[{"count":0,"href":"https:\/\/obscom.intervozes.org.br\/index.php?rest_route=\/wp\/v2\/posts\/23223\/revisions"}],"wp:attachment":[{"href":"https:\/\/obscom.intervozes.org.br\/index.php?rest_route=%2Fwp%2Fv2%2Fmedia&parent=23223"}],"wp:term":[{"taxonomy":"category","embeddable":true,"href":"https:\/\/obscom.intervozes.org.br\/index.php?rest_route=%2Fwp%2Fv2%2Fcategories&post=23223"},{"taxonomy":"post_tag","embeddable":true,"href":"https:\/\/obscom.intervozes.org.br\/index.php?rest_route=%2Fwp%2Fv2%2Ftags&post=23223"}],"curies":[{"name":"wp","href":"https:\/\/api.w.org\/{rel}","templated":true}]}}