{"id":23214,"date":"2009-08-19T10:54:50","date_gmt":"2009-08-19T10:54:50","guid":{"rendered":"https:\/\/obscom.intervozes.org.br\/wordpress\/?p=23214"},"modified":"2009-08-19T10:54:50","modified_gmt":"2009-08-19T10:54:50","slug":"prefeitura-suspende-exibicao-de-conteudo-da-globo-em-onibus-de-sp","status":"publish","type":"post","link":"https:\/\/obscom.intervozes.org.br\/?p=23214","title":{"rendered":"Prefeitura suspende exibi\u00e7\u00e3o de conte\u00fado da Globo em \u00f4nibus de SP"},"content":{"rendered":"<p> \t<!-- \t\t@page { margin: 2cm } \t\tP { margin-bottom: 0.21cm } \t--> \t <\/p>\n<p style=\"margin-bottom: 0cm\" class=\"western padrao\">A exibi&ccedil;&atilde;o de novelas da Rede Globo nos &ocirc;nibus de S&atilde;o Paulo foi suspensa pela Prefeitura Municipal. A programa&ccedil;&atilde;o da emissora n&atilde;o teria passado pela avalia&ccedil;&atilde;o da SPTrans, empresa respons&aacute;vel pela gest&atilde;o do transporte coletivo na cidade.<\/p>\n<p>A Prefeitura exige que qualquer conte&uacute;do exibido em ambientes p&uacute;blicos passe por uma avalia&ccedil;&atilde;o pr&eacute;via do cunho pol&iacute;tico, moral e pol&iacute;tico da programa&ccedil;&atilde;o, com no m&iacute;nimo uma semana de anteced&ecirc;ncia.<\/p>\n<p>A programa&ccedil;&atilde;o da Globo &ndash; um resumo das novelas, telejornais e outros programas &ndash; seria exibida em monitores instalados em mais de 300 &ocirc;nibus. Segundo a assessoria da emissora, a regulariza&ccedil;&atilde;o da exibi&ccedil;&atilde;o das novelas &eacute; responsabilidade da empresa Bus M&iacute;dia. <\/p>\n<p>A Bus M&iacute;dia informou que j&aacute; havia enviado o conte&uacute;do para avalia&ccedil;&atilde;o da SPTrans, que, por sua vez, afirmou n&atilde;o ter recebido nenhuma solicita&ccedil;&atilde;o a respeito e refor&ccedil;ou que as empresas de &ocirc;nibus que exibirem a programa&ccedil;&atilde;o ser&atilde;o multadas.<\/p>\n<p><em>Com informa&ccedil;&otilde;es do M&amp;M online.<\/em><\/p>\n","protected":false},"excerpt":{"rendered":"<p>A exibi&ccedil;&atilde;o de novelas da Rede Globo nos &ocirc;nibus de S&atilde;o Paulo foi suspensa pela Prefeitura Municipal. A programa&ccedil;&atilde;o da emissora n&atilde;o teria passado pela avalia&ccedil;&atilde;o da SPTrans, empresa respons&aacute;vel pela gest&atilde;o do transporte coletivo na cidade. A Prefeitura exige que qualquer conte&uacute;do exibido em ambientes p&uacute;blicos passe por uma avalia&ccedil;&atilde;o pr&eacute;via do cunho pol&iacute;tico, &hellip; <a href=\"https:\/\/obscom.intervozes.org.br\/?p=23214\" class=\"more-link\">Continue lendo <span class=\"screen-reader-text\">Prefeitura suspende exibi\u00e7\u00e3o de conte\u00fado da Globo em \u00f4nibus de SP<\/span> <span class=\"meta-nav\">&rarr;<\/span><\/a><\/p>\n","protected":false},"author":1,"featured_media":0,"comment_status":"open","ping_status":"open","sticky":false,"template":"","format":"standard","meta":{"footnotes":""},"categories":[39],"tags":[],"_links":{"self":[{"href":"https:\/\/obscom.intervozes.org.br\/index.php?rest_route=\/wp\/v2\/posts\/23214"}],"collection":[{"href":"https:\/\/obscom.intervozes.org.br\/index.php?rest_route=\/wp\/v2\/posts"}],"about":[{"href":"https:\/\/obscom.intervozes.org.br\/index.php?rest_route=\/wp\/v2\/types\/post"}],"author":[{"embeddable":true,"href":"https:\/\/obscom.intervozes.org.br\/index.php?rest_route=\/wp\/v2\/users\/1"}],"replies":[{"embeddable":true,"href":"https:\/\/obscom.intervozes.org.br\/index.php?rest_route=%2Fwp%2Fv2%2Fcomments&post=23214"}],"version-history":[{"count":0,"href":"https:\/\/obscom.intervozes.org.br\/index.php?rest_route=\/wp\/v2\/posts\/23214\/revisions"}],"wp:attachment":[{"href":"https:\/\/obscom.intervozes.org.br\/index.php?rest_route=%2Fwp%2Fv2%2Fmedia&parent=23214"}],"wp:term":[{"taxonomy":"category","embeddable":true,"href":"https:\/\/obscom.intervozes.org.br\/index.php?rest_route=%2Fwp%2Fv2%2Fcategories&post=23214"},{"taxonomy":"post_tag","embeddable":true,"href":"https:\/\/obscom.intervozes.org.br\/index.php?rest_route=%2Fwp%2Fv2%2Ftags&post=23214"}],"curies":[{"name":"wp","href":"https:\/\/api.w.org\/{rel}","templated":true}]}}