{"id":23211,"date":"2009-08-18T18:07:13","date_gmt":"2009-08-18T18:07:13","guid":{"rendered":"https:\/\/obscom.intervozes.org.br\/wordpress\/?p=23211"},"modified":"2009-08-18T18:07:13","modified_gmt":"2009-08-18T18:07:13","slug":"saida-de-empresarios-nao-muda-posicao-do-governo-sobre-regimento-interno","status":"publish","type":"post","link":"https:\/\/obscom.intervozes.org.br\/?p=23211","title":{"rendered":"Sa\u00edda de empres\u00e1rios n\u00e3o muda posi\u00e7\u00e3o do governo sobre regimento interno"},"content":{"rendered":"<p>   \t \t \t \t \t<!-- \t\t@page { margin: 2cm } \t\tP { margin-bottom: 0.21cm } \t--> \t   <\/p>\n<p style=\"margin-bottom: 0cm\" class=\"western padrao\">A sa&iacute;da de 6 das 8 entidades empresariais da comiss&atilde;o organizadora da 1&ordf; Confer&ecirc;ncia Nacional de Comunica&ccedil;&atilde;o (Confecom) n&atilde;o modificou os rumos da negocia&ccedil;&atilde;o dos termos do regimento interno, pe&ccedil;a fundamental para a realiza&ccedil;&atilde;o das etapas estaduais e nacional do evento. O governo segue sustentando a proposta que havia apresentado na tentativa de manter o empresariado na confer&ecirc;ncia. A proposta governista, que acomoda os interesses do setor empresarial no que diz respeito &agrave; representa&ccedil;&atilde;o dos setores no processo da confer&ecirc;ncia, tem sido avaliada de forma diversa pelas entidades da sociedade civil n&atilde;o-empresarial na comiss&atilde;o organizadora.<\/p>\n<p>A divis&atilde;o dos delegados numa propor&ccedil;&atilde;o de 40% para os empres&aacute;rios, 40% para a sociedade civil e 20% para o governo, bem como a institui&ccedil;&atilde;o de um qu&oacute;rum qualificado para aprova&ccedil;&atilde;o de propostas em temas considerados sens&iacute;veis t&ecirc;m recebido cr&iacute;ticas, mas parte das entidades da sociedade civil na comiss&atilde;o organizadora j&aacute; apontam a ado&ccedil;&atilde;o de uma postura pragm&aacute;tica, entendendo que o governo e os empres&aacute;rios n&atilde;o voltar&atilde;o atr&aacute;s. Outras entidades avaliam que a sa&iacute;da do empresariado da comiss&atilde;o deveria, no m&iacute;nimo, for&ccedil;ar a revis&atilde;o dos termos em negocia&ccedil;&atilde;o, para evitar a sobre-representa&ccedil;&atilde;o dos atores de mercado na confer&ecirc;ncia.<\/p>\n<p>Em reuni&atilde;o com estas entidades, os ministros encarregados da confer&ecirc;ncia &ndash; Luiz Dulci, da Secretaria Geral da Presid&ecirc;ncia, Franklin Martins, da Secretaria de Comunica&ccedil;&atilde;o Social, e H&eacute;lio Costa, das Comunica&ccedil;&otilde;es &ndash; reapresentaram a proposta e jogaram para os movimentos a responsabilidade da negocia&ccedil;&atilde;o com os empres&aacute;rios. Segundo os ministros, nova reuni&atilde;o da comiss&atilde;o organizadora para discutir o regimento s&oacute; ser&aacute; convocada no momento em que houver consenso sobre os temas pol&ecirc;micos. <\/p>\n<p>O governo, assim, tenta tirar o corpo fora de um eventual atraso fatal na publica&ccedil;&atilde;o do regimento, que possa inviabilizar o calend&aacute;rio da Confecom. A edi&ccedil;&atilde;o das normas para realiza&ccedil;&atilde;o das etapas da confer&ecirc;ncia deveria ter sido feita h&aacute; mais de um m&ecirc;s, mas o impasse criado pelas condi&ccedil;&otilde;es apresentadas pelos empres&aacute;rios e a tentativa de negocia&ccedil;&atilde;o levada a cabo pelo governo adiaram por diversas vezes a reuni&atilde;o da comiss&atilde;o organizadora.<\/p>\n<p>Na pr&oacute;xima semana, o governo receber&aacute; as entidades n&atilde;o-empresariais na tarde da ter&ccedil;a-feira. Antes disso, estas entidades dever&atilde;o se encontrar com a Associa&ccedil;&atilde;o Brasileira de Radiodifusores (Abra) e a Associa&ccedil;&atilde;o Brasileira de Telecomunica&ccedil;&otilde;es (Telebrasil), &uacute;nicas organiza&ccedil;&otilde;es empresariais que seguem na comiss&atilde;o organizadora.<\/p>\n<p><strong>Cr&iacute;ticas &agrave; proposta do governo<\/strong><\/p>\n<p>A proposta governista t&ecirc;m sido criticada por diversas Comiss&otilde;es Estaduais Pr&oacute;-Confer&ecirc;ncia, que re&uacute;nem movimentos sociais e associa&ccedil;&otilde;es da sociedade civil interessados na convoca&ccedil;&atilde;o das etapas estaduais. A comiss&atilde;o no Rio de Janeiro divulgou nota em que afirma que a ado&ccedil;&atilde;o da propor&ccedil;&atilde;o 40-40-20 &ldquo;seria aceitar a tese que eles correspondem &agrave; metade de toda a sociedade civil organizada, o que n&atilde;o &eacute; verdade&rdquo;. A comiss&atilde;o defende a  proporcionalidade &ldquo;20% para os poderes p&uacute;blicos e 80% para a sociedade civil, entendendo o empresariado como parte da sociedade civil&rdquo;. &ldquo;Por fim, aceitar o q&uacute;orum qualificado de 60% para aprova&ccedil;&atilde;o de qualquer proposta, ou mesmo das propostas mais pol&ecirc;micas, &eacute; &#39;engessar&#39; previamente a I CONFECOM, antes mesmo que o debate seja travado&rdquo;, diz a nota.<\/p>\n<p>A comiss&atilde;o do Rio Grande do Sul, ainda antes do an&uacute;ncio da sa&iacute;da dos empres&aacute;rios, criticou a proposta afirmando que &ldquo;tal divis&atilde;o &eacute; plenamente desproporcional e fere de morte, tamb&eacute;m por isso, um dos princ&iacute;pios da administra&ccedil;&atilde;o p&uacute;blica: a razoabilidade&rdquo;. &ldquo;Ademais, esta divis&atilde;o denuncia outra agrura pol&iacute;tica: o desrespeito ao princ&iacute;pio constitucional da igualdade. Ao dispor os delegados nesta propor&ccedil;&atilde;o, usa-se o crit&eacute;rio do poder econ&ocirc;mico ao reverso. Isto &eacute;, quem deveria ter peso qualificado &ndash; visando equilibrar a rela&ccedil;&atilde;o desigual entre empres&aacute;rios e sociedade em geral[1] &ndash; &eacute; igualado ao mesmo patamar do outro.&rdquo;<\/p>\n<p>A Central &Uacute;nica dos Trabalhadores tamb&eacute;m se manifestou por mudan&ccedil;as na proposta do governo. Em nota sobre a sa&iacute;da dos empres&aacute;rios, a CUT afirma que &ldquo;a Confer&ecirc;ncia deve ser tripartite, democr&aacute;tica, com respeito &agrave; representatividade e diversidade, &agrave; pluralidade de nosso pa&iacute;s e com efetiva participa&ccedil;&atilde;o dos movimentos sociais, tendo clara a necessidade de conviv&ecirc;ncia dos sistemas p&uacute;blico, estatal e privado&rdquo;. A central, que tem um representante na comiss&atilde;o organizadora, tamb&eacute;m pediu agilidade do governo na convoca&ccedil;&atilde;o de nova reuni&atilde;o para aprovar o regimento interno da Confecom.<br \/><span class=\"padrao\"><br \/>O Intervozes &ndash; Coletivo Brasil de Comunica&ccedil;&atilde;o Social, outra entidade que faz parte da comiss&atilde;o organizadora da Confecom, tamb&eacute;m divulgou nota em que critica a sa&iacute;da dos empres&aacute;rios e cobra uma mudan&ccedil;a de postura do governo. &ldquo;Espera-se, portanto, que uma vez retiradas as demandas do segmento empresarial, os termos do regimento sejam ajustados para prever a maior e mais democr&aacute;tica participa&ccedil;&atilde;o de todos os setores da sociedade&quot;, diz a nota.<\/span><\/p>\n<p>   \t \t \t \t \t<!-- \t\t@page { margin: 2cm } \t\tP { margin-bottom: 0.21cm } \t--> \t  <\/p>\n<p style=\"margin-bottom: 0cm\" class=\"western padrao\">A nota ressalta que a divis&atilde;o dos delegados proposta pelo governo &eacute; &ldquo;estranha ao esp&iacute;rito das confer&ecirc;ncias&rdquo;. &ldquo;Nas mais de cinq&uuml;enta confer&ecirc;ncias realizadas de 2003 at&eacute; hoje n&atilde;o existe qualquer precedente neste sentido. Levantamento realizado sobre a quest&atilde;o pelo Intervozes comprovou que o m&aacute;ximo percentual j&aacute; reservado aos empres&aacute;rios em confer&ecirc;ncias foi de 30%, caso &uacute;nico da confer&ecirc;ncia de meio ambiente.&rdquo; Segundo o Intervozes, esta propor&ccedil;&atilde;o e o qu&oacute;rum qualificado d&atilde;o aos empres&aacute;rios o poder de vetar qualquer proposi&ccedil;&atilde;o que questione a hegemonia dos grandes grupos de comunica&ccedil;&atilde;o.<\/p>\n","protected":false},"excerpt":{"rendered":"<p>Em reuni&atilde;o com entidades n&atilde;o-empresariais, ministros sustentam proposta sobre delegados e qu&oacute;rum discutida com empresariado<\/p>\n","protected":false},"author":1,"featured_media":0,"comment_status":"open","ping_status":"open","sticky":false,"template":"","format":"standard","meta":{"footnotes":""},"categories":[40],"tags":[1012],"_links":{"self":[{"href":"https:\/\/obscom.intervozes.org.br\/index.php?rest_route=\/wp\/v2\/posts\/23211"}],"collection":[{"href":"https:\/\/obscom.intervozes.org.br\/index.php?rest_route=\/wp\/v2\/posts"}],"about":[{"href":"https:\/\/obscom.intervozes.org.br\/index.php?rest_route=\/wp\/v2\/types\/post"}],"author":[{"embeddable":true,"href":"https:\/\/obscom.intervozes.org.br\/index.php?rest_route=\/wp\/v2\/users\/1"}],"replies":[{"embeddable":true,"href":"https:\/\/obscom.intervozes.org.br\/index.php?rest_route=%2Fwp%2Fv2%2Fcomments&post=23211"}],"version-history":[{"count":0,"href":"https:\/\/obscom.intervozes.org.br\/index.php?rest_route=\/wp\/v2\/posts\/23211\/revisions"}],"wp:attachment":[{"href":"https:\/\/obscom.intervozes.org.br\/index.php?rest_route=%2Fwp%2Fv2%2Fmedia&parent=23211"}],"wp:term":[{"taxonomy":"category","embeddable":true,"href":"https:\/\/obscom.intervozes.org.br\/index.php?rest_route=%2Fwp%2Fv2%2Fcategories&post=23211"},{"taxonomy":"post_tag","embeddable":true,"href":"https:\/\/obscom.intervozes.org.br\/index.php?rest_route=%2Fwp%2Fv2%2Ftags&post=23211"}],"curies":[{"name":"wp","href":"https:\/\/api.w.org\/{rel}","templated":true}]}}