{"id":23209,"date":"2009-08-18T16:29:47","date_gmt":"2009-08-18T16:29:47","guid":{"rendered":"https:\/\/obscom.intervozes.org.br\/wordpress\/?p=23209"},"modified":"2009-08-18T16:29:47","modified_gmt":"2009-08-18T16:29:47","slug":"ministerio-das-comunicacoes-anuncia-reabertura-de-delegacias-regionais","status":"publish","type":"post","link":"https:\/\/obscom.intervozes.org.br\/?p=23209","title":{"rendered":"Minist\u00e9rio das Comunica\u00e7\u00f5es anuncia reabertura de delegacias regionais"},"content":{"rendered":"<p>   \t \t \t \t \t<!-- \t\t@page { margin: 2cm } \t\tP { margin-bottom: 0.21cm } \t--> \t  <\/p>\n<p class=\"western padrao\"><em>[T&iacute;tulo original: Minicom agiliza processo de concess&atilde;o de licen&ccedil;as ]<\/em><\/p>\n<p>O ministro das Comunica&ccedil;&otilde;es, H&eacute;lio Costa, divulgou hoje provid&ecirc;ncias adotadas para agilizar e dar mais transpar&ecirc;ncia ao processo de concess&atilde;o de licen&ccedil;a e autoriza&ccedil;&otilde;es para novas emissoras de r&aacute;dio e televis&atilde;o. A primeira delas &eacute; a reativa&ccedil;&atilde;o de quatro delegacias regionais em 60 dias no Rio, em Santa Catarina, em Minas Gerais e em S&atilde;o Paulo. Outra a&ccedil;&atilde;o foi o cancelamento de quase 300 processos de licen&ccedil;as para TVs educativas com documenta&ccedil;&atilde;o irregular e promete, para breve, a publica&ccedil;&atilde;o na internet de todos os processos em andamento no Minicom.<\/p>\n<p>Al&eacute;m dos processos irregulares das TVs educativas, dever&atilde;o ser cancelados tamb&eacute;m os pedidos de autoriza&ccedil;&atilde;o para r&aacute;dios comunit&aacute;rias que est&atilde;o com documenta&ccedil;&atilde;o irregular ou que firam &agrave; legisla&ccedil;&atilde;o vigente. &ldquo;Estamos fazendo uma reorganiza&ccedil;&atilde;o do sistema de avalia&ccedil;&atilde;o dos processos&rdquo;, disse Costa. Ele disse que essas a&ccedil;&otilde;es fazem parte de um projeto de moderniza&ccedil;&atilde;o organizacional do Minicom, elaborado por engenheiros do quadro e que j&aacute; teve aprova&ccedil;&atilde;o at&eacute; do TCU (Tribunal de Contas da Uni&atilde;o).<\/p>\n<p>Sobre as delegacias regionais, Costa disse que al&eacute;m das quatro que j&aacute; est&atilde;o com locais de funcionamento definidos, ser&atilde;o abertas mais tr&ecirc;s, sendo uma na regi&atilde;o centro-Oeste, outra no Nordeste e a &uacute;ltima em um estado do Norte. Segundo o ministro, a reabertura das ag&ecirc;ncias facilitar&atilde;o os processos de digitaliza&ccedil;&atilde;o das televis&otilde;es. &ldquo;At&eacute; 2014 tem que estar toda a digitaliza&ccedil;&atilde;o conclu&iacute;da, porque o sistema anal&oacute;gico ser&aacute; desligado em 2016&rdquo;, disse.<\/p>\n<p>Para cada delegacia ser&atilde;o necess&aacute;rios de s is a 10 funcion&aacute;rios, entre engenheiros, advogados e t&eacute;cnicos em comunica&ccedil;&atilde;o. Nessas primeiras, ser&atilde;o aproveitados funcion&aacute;rios que moram no pr&oacute;prio estado e que foram reintegrados ao Minist&eacute;rio. Para as pr&oacute;ximas, o Minicom espera ter conclu&iacute;do o concurso p&uacute;blico, j&aacute; autorizado pela Minist&eacute;rio do Planejamento, para contrata&ccedil;&atilde;o de 170 pessoas.  <\/p>\n","protected":false},"excerpt":{"rendered":"<p>[T&iacute;tulo original: Minicom agiliza processo de concess&atilde;o de licen&ccedil;as ] O ministro das Comunica&ccedil;&otilde;es, H&eacute;lio Costa, divulgou hoje provid&ecirc;ncias adotadas para agilizar e dar mais transpar&ecirc;ncia ao processo de concess&atilde;o de licen&ccedil;a e autoriza&ccedil;&otilde;es para novas emissoras de r&aacute;dio e televis&atilde;o. A primeira delas &eacute; a reativa&ccedil;&atilde;o de quatro delegacias regionais em 60 dias no &hellip; <a href=\"https:\/\/obscom.intervozes.org.br\/?p=23209\" class=\"more-link\">Continue lendo <span class=\"screen-reader-text\">Minist\u00e9rio das Comunica\u00e7\u00f5es anuncia reabertura de delegacias regionais<\/span> <span class=\"meta-nav\">&rarr;<\/span><\/a><\/p>\n","protected":false},"author":1,"featured_media":0,"comment_status":"open","ping_status":"open","sticky":false,"template":"","format":"standard","meta":{"footnotes":""},"categories":[40],"tags":[912],"_links":{"self":[{"href":"https:\/\/obscom.intervozes.org.br\/index.php?rest_route=\/wp\/v2\/posts\/23209"}],"collection":[{"href":"https:\/\/obscom.intervozes.org.br\/index.php?rest_route=\/wp\/v2\/posts"}],"about":[{"href":"https:\/\/obscom.intervozes.org.br\/index.php?rest_route=\/wp\/v2\/types\/post"}],"author":[{"embeddable":true,"href":"https:\/\/obscom.intervozes.org.br\/index.php?rest_route=\/wp\/v2\/users\/1"}],"replies":[{"embeddable":true,"href":"https:\/\/obscom.intervozes.org.br\/index.php?rest_route=%2Fwp%2Fv2%2Fcomments&post=23209"}],"version-history":[{"count":0,"href":"https:\/\/obscom.intervozes.org.br\/index.php?rest_route=\/wp\/v2\/posts\/23209\/revisions"}],"wp:attachment":[{"href":"https:\/\/obscom.intervozes.org.br\/index.php?rest_route=%2Fwp%2Fv2%2Fmedia&parent=23209"}],"wp:term":[{"taxonomy":"category","embeddable":true,"href":"https:\/\/obscom.intervozes.org.br\/index.php?rest_route=%2Fwp%2Fv2%2Fcategories&post=23209"},{"taxonomy":"post_tag","embeddable":true,"href":"https:\/\/obscom.intervozes.org.br\/index.php?rest_route=%2Fwp%2Fv2%2Ftags&post=23209"}],"curies":[{"name":"wp","href":"https:\/\/api.w.org\/{rel}","templated":true}]}}