{"id":23204,"date":"2009-08-18T15:54:44","date_gmt":"2009-08-18T15:54:44","guid":{"rendered":"https:\/\/obscom.intervozes.org.br\/wordpress\/?p=23204"},"modified":"2009-08-18T15:54:44","modified_gmt":"2009-08-18T15:54:44","slug":"novelas-da-globo-serao-exibidas-nos-onibus-de-sao-paulo","status":"publish","type":"post","link":"https:\/\/obscom.intervozes.org.br\/?p=23204","title":{"rendered":"Novelas da Globo ser\u00e3o exibidas nos \u00f4nibus de S\u00e3o Paulo"},"content":{"rendered":"<p>   \t \t \t \t \t<!-- \t\t@page { margin: 2cm } \t\tP { margin-bottom: 0.21cm } \t--> \t  <\/p>\n<p style=\"margin-bottom: 0cm\" class=\"western\"><span class=\"padrao\"><u><strong>Reproduzido do M&amp;M Online<\/strong><\/u><br \/><\/span><\/p>\n<p style=\"margin-bottom: 0cm\" class=\"western padrao\">A Rede Globo passa a transmitir a partir desta segunda-feira (17) parte de sua programa&ccedil;&atilde;o em alguns &ocirc;nibus de S&atilde;o Paulo. O projeto foi acertado com a Bus M&iacute;dia. Entre as atra&ccedil;&otilde;es, exibidas em monitores de LCD de 24 polegadas, est&atilde;o cap&iacute;tulos das novelas &quot;Caminho das &Iacute;ndias&quot;, &quot;Caras e Bocas&quot;, &quot;Para&iacute;so&quot; e &quot;Malha&ccedil;&atilde;o&quot;.<\/p>\n<p>A Globo informou, por meio de programas jornal&iacute;sticos da manh&atilde;, que o conte&uacute;do &eacute; legendado por conta do barulho das ruas da cidade. Segundo o portal G1, em breve os &ocirc;nibus tamb&eacute;m ter&atilde;o programa&ccedil;&atilde;o ao vivo.<\/p>\n","protected":false},"excerpt":{"rendered":"<p>Reproduzido do M&amp;M Online A Rede Globo passa a transmitir a partir desta segunda-feira (17) parte de sua programa&ccedil;&atilde;o em alguns &ocirc;nibus de S&atilde;o Paulo. O projeto foi acertado com a Bus M&iacute;dia. Entre as atra&ccedil;&otilde;es, exibidas em monitores de LCD de 24 polegadas, est&atilde;o cap&iacute;tulos das novelas &quot;Caminho das &Iacute;ndias&quot;, &quot;Caras e Bocas&quot;, &quot;Para&iacute;so&quot; &hellip; <a href=\"https:\/\/obscom.intervozes.org.br\/?p=23204\" class=\"more-link\">Continue lendo <span class=\"screen-reader-text\">Novelas da Globo ser\u00e3o exibidas nos \u00f4nibus de S\u00e3o Paulo<\/span> <span class=\"meta-nav\">&rarr;<\/span><\/a><\/p>\n","protected":false},"author":1,"featured_media":0,"comment_status":"open","ping_status":"open","sticky":false,"template":"","format":"standard","meta":{"footnotes":""},"categories":[39],"tags":[],"_links":{"self":[{"href":"https:\/\/obscom.intervozes.org.br\/index.php?rest_route=\/wp\/v2\/posts\/23204"}],"collection":[{"href":"https:\/\/obscom.intervozes.org.br\/index.php?rest_route=\/wp\/v2\/posts"}],"about":[{"href":"https:\/\/obscom.intervozes.org.br\/index.php?rest_route=\/wp\/v2\/types\/post"}],"author":[{"embeddable":true,"href":"https:\/\/obscom.intervozes.org.br\/index.php?rest_route=\/wp\/v2\/users\/1"}],"replies":[{"embeddable":true,"href":"https:\/\/obscom.intervozes.org.br\/index.php?rest_route=%2Fwp%2Fv2%2Fcomments&post=23204"}],"version-history":[{"count":0,"href":"https:\/\/obscom.intervozes.org.br\/index.php?rest_route=\/wp\/v2\/posts\/23204\/revisions"}],"wp:attachment":[{"href":"https:\/\/obscom.intervozes.org.br\/index.php?rest_route=%2Fwp%2Fv2%2Fmedia&parent=23204"}],"wp:term":[{"taxonomy":"category","embeddable":true,"href":"https:\/\/obscom.intervozes.org.br\/index.php?rest_route=%2Fwp%2Fv2%2Fcategories&post=23204"},{"taxonomy":"post_tag","embeddable":true,"href":"https:\/\/obscom.intervozes.org.br\/index.php?rest_route=%2Fwp%2Fv2%2Ftags&post=23204"}],"curies":[{"name":"wp","href":"https:\/\/api.w.org\/{rel}","templated":true}]}}