{"id":23196,"date":"2009-08-14T17:35:03","date_gmt":"2009-08-14T17:35:03","guid":{"rendered":"https:\/\/obscom.intervozes.org.br\/wordpress\/?p=23196"},"modified":"2009-08-14T17:35:03","modified_gmt":"2009-08-14T17:35:03","slug":"cidade-baiana-e-exemplo-em-acoes-pelo-direito-a-comunicacao","status":"publish","type":"post","link":"https:\/\/obscom.intervozes.org.br\/?p=23196","title":{"rendered":"Cidade baiana \u00e9 exemplo em a\u00e7\u00f5es pelo direito \u00e0 comunica\u00e7\u00e3o"},"content":{"rendered":"<p>   \t \t \t \t \t<!-- \t\t@page { margin: 2cm } \t\tP { margin-bottom: 0.21cm } \t--> \t    <\/p>\n<p style=\"margin-bottom: 0cm\" class=\"western padrao padrao padrao\">Nas margens baianas do rio S&atilde;o Francisco, Juazeiro &eacute; acostumada a receber os ventos de transforma&ccedil;&otilde;es sociais no Brasil. Foi nesta cidade, na divisa com Pernambuco, que o conterr&acirc;neo Jo&atilde;o Gilberto se inspirou no canto das lavadeiras para sintetizar na voz e no viol&atilde;o o som que viria a mudar h&aacute;bitos culturais e conquistar o mundo sob o nome de Bossa Nova. Nos dias atuais Juazeiro sintetiza na organiza&ccedil;&atilde;o social demandas avan&ccedil;adas na luta pelo direito &agrave; comunica&ccedil;&atilde;o no Pa&iacute;s: re&uacute;ne Comiss&atilde;o Regional Pr&oacute;-Confer&ecirc;ncia Nacional de Comunica&ccedil;&atilde;o (Confecom), tem cap&iacute;tulo sobre comunica&ccedil;&atilde;o na Lei Org&acirc;nica e acolhe interc&acirc;mbio do comunicador comunit&aacute;rio com o ambiente universit&aacute;rio, poder p&uacute;blico e organismos internacionais. <\/p>\n<p>&ldquo;Desde a Confer&ecirc;ncia Estadual da Bahia, em 2008, muitas entidades se sensibilizaram a enxergar a comunica&ccedil;&atilde;o como prioridade&rdquo;, comenta Paulo Victor, assessor da Comiss&atilde;o Pastoral da Terra (CPT) e membro da Comiss&atilde;o Pr&oacute;-Confer&ecirc;ncia Nacional local. Comunicadores comunit&aacute;rios e populares, sindicalistas, produtores independentes, radialistas, movimentos de luta pela terra, estudantes, professores universit&aacute;rios, jornalistas, agentes de sa&uacute;de e grupos culturais s&atilde;o os atores elencados por Paulo Victor que enfrentam o desafio de potencializar o bom momento local com o processo mais amplo em n&iacute;vel nacional. Nos dias 10 e 11 de setembro, Juazeiro abre a maratona de Confer&ecirc;ncias Livres pelo interior da Bahia com um Semin&aacute;rio Preparat&oacute;rio e a preocupa&ccedil;&atilde;o &eacute; latente: &ldquo;A Confecom &eacute; importante, mas a conjuntura de instabilidade nos deixa desacreditado muitas vezes&rdquo;, conclu&iacute; Paulo. <\/p>\n<p>No &acirc;mbito local, as pol&iacute;ticas p&uacute;blicas avan&ccedil;am a passos largos. A Prefeitura incluiu um cap&iacute;tulo apenas sobre comunica&ccedil;&atilde;o na Lei Org&acirc;nica do Munic&iacute;pio e os di&aacute;logos para implementar o Conselho Municipal est&atilde;o em fase de conclus&atilde;o. &ldquo;&Eacute; um governo novo, rec&eacute;m instalado, que tem uma rela&ccedil;&atilde;o com os movimentos sociais respeitosa e harm&ocirc;nica nas quest&otilde;es relacionadas &agrave; democratiza&ccedil;&atilde;o das comunica&ccedil;&otilde;es. Isso tem apontado diretrizes importantes para repensar a comunica&ccedil;&atilde;o e fugir das imposi&ccedil;&otilde;es dos meios de massa&rdquo;, comenta Fernando Veloso, secret&aacute;rio de Comunica&ccedil;&atilde;o do munic&iacute;pio. <\/p>\n<p><strong>Forma&ccedil;&atilde;o do comunicador comunit&aacute;rio<\/strong><\/p>\n<p>Nos dias 7 e 8 de agosto, o Campus III da Universidade do Estado da Bahia (Uneb), tamb&eacute;m localizado em Juazeiro, acolheu I Encontro de Forma&ccedil;&atilde;o em Comunica&ccedil;&atilde;o Comunit&aacute;ria do Sert&atilde;o do S&atilde;o Francisco. O evento foi resultado de um mapeamento do setor na regi&atilde;o coordenado pela professora C&eacute;res Santos e contou com o apoio do Fundo das Na&ccedil;&otilde;es Unidas para Inf&acirc;ncia (Unicef), Sesc\/Senac, Instituto de Radiodifus&atilde;o da Bahia (Irdeb), Assessoria de Comunica&ccedil;&atilde;o do Governo Estadual (Agecom), al&eacute;m da parceria da Ong Cip&oacute; Comunica&ccedil;&atilde;o Interativa e do Sindicado dos Trabalhadores de R&aacute;dio, TV e Publicidade (Sinterp). <\/p>\n<p>&Eacute;rica Daiane, militante da Executiva Nacional dos Estudantes de Comunica&ccedil;&atilde;o (Enecos) &eacute; uma das estudantes respons&aacute;veis pela pesquisa na Uneb e a partir do mapeamento defende: &ldquo;A aus&ecirc;ncia da forma&ccedil;&atilde;o ocasiona a exist&ecirc;ncia de algumas r&aacute;dios comunit&aacute;rias de direito, mas que n&atilde;o se configuram como tal na pr&aacute;tica cotidiana. Conclui-se que a falta de sensibiliza&ccedil;&atilde;o quanto ao uso deste instrumento em benef&iacute;cio do desenvolvimento local, atrav&eacute;s da conquista da cidadania, &eacute; um obst&aacute;culo na democratiza&ccedil;&atilde;o da comunica&ccedil;&atilde;o e da informa&ccedil;&atilde;o mesmo onde j&aacute; existem meios com este prop&oacute;sito&rdquo;. <\/p>\n<p>&Eacute;rica tamb&eacute;m enfatiza que o projeto tomou como base as r&aacute;dios comunit&aacute;rias e os sistemas de alto-falantes existentes em dez cidades, bem como as a&ccedil;&otilde;es desenvolvidas pelo Instituto Regional da Pequena Agropecu&aacute;ria Apropriada (IRPAA) e pelo Setor de Comunica&ccedil;&atilde;o e Audiovisual da Diocese de Juazeiro (Sedica). Para ela a tend&ecirc;ncia &eacute; a universidade ampliar os la&ccedil;os com as organiza&ccedil;&otilde;es sociais, j&aacute; que a gradua&ccedil;&atilde;o da Uneb oferece disciplinas voltadas para educa&ccedil;&atilde;o, movimentos sociais e comunica&ccedil;&atilde;o comunit&aacute;ria. <\/p>\n<p>Durante as atividades do I Encontro de Forma&ccedil;&atilde;o os comunicadores das cidades de Cura&ccedil;a, Remanso, Juazeiro, Canudos, Campo Alegre de Lourdes, Pil&atilde;o Arcado, Uau&aacute;, Sobradinho, Sento e S&eacute; puderam debater temas como mecanismos de sustentabilidade diferenciados das r&aacute;dios comerciais, municipaliza&ccedil;&atilde;o dos processos de concess&otilde;es desde que deliberadas por conselhos locais, criminaliza&ccedil;&atilde;o por parte da Pol&iacute;cia Federal, al&eacute;m de oficinas e pain&eacute;is, como o ministrado pelo &ldquo;vizinho&rdquo; pernambucano Ricardo Mello, sobre a experi&ecirc;ncia no desenvolvimento de pol&iacute;ticas p&uacute;blicas na cidade de Camaragibe, regi&atilde;o metropolitana de Recife. Mello alertou que as pr&aacute;ticas n&atilde;o se consolidaram na estrutura administrativa e foram abandonadas ap&oacute;s o elei&ccedil;&atilde;o de prefeito comprometido com o conservadorismo na cidade. A experi&ecirc;ncia, entretanto, resultou no livro Comunica&ccedil;&atilde;o de interesse p&uacute;blico: a escuta popular na comunica&ccedil;&atilde;o p&uacute;blica &#8211; Abrindo caminho para uma nova pol&iacute;tica&rdquo;, produzido pela Universidade Federal de Pernambuco.<\/p>\n<p><strong>Exemplo de mobiliza&ccedil;&atilde;o<\/strong><\/p>\n<p>Nas palavras de Andreia Neri, representante do Unicef, a regi&atilde;o avan&ccedil;a para se tornar refer&ecirc;ncia na mobiliza&ccedil;&atilde;o da comunica&ccedil;&atilde;o ao lado da regi&atilde;o sisaleira. &ldquo;O comunicador comunit&aacute;rio &eacute; parceiro estrat&eacute;gico para construir uma imagem positiva do semi-&aacute;rido e promover maior entendimento dos direitos atrav&eacute;s do controle social&rdquo;, defende Andreia. J&aacute; M&aacute;rio Sartorelo, coordenador do Irdeb, ressalta que a atividade em Juazeiro representa um coletivo de institui&ccedil;&otilde;es e entidades que desenvolvem o projeto Ondas Livres, voltado para forma&ccedil;&atilde;o dos comunicadores e atende &agrave;s reivindica&ccedil;&otilde;es das Confer&ecirc;ncias Estaduais de Cultura e Comunica&ccedil;&atilde;o. <\/p>\n<p>Marcos Vinicius, jornalista e integrante da r&aacute;dio comunit&aacute;ria Sertaneja FM exalta que a forma&ccedil;&atilde;o &eacute; fundamental para disseminar uma nova cultura de comunica&ccedil;&atilde;o e relembra o recente epis&oacute;dio de uma associa&ccedil;&atilde;o comunit&aacute;ria no distrito de Itamatinga que foi priorizada frente &agrave; um grupo comercial no pedido de outorga no Minist&eacute;rio das Comunica&ccedil;&otilde;es pelo simples fato de preencher os tr&acirc;mites de forma mais correta que o concorrente. &ldquo;Antes de 2005, as r&aacute;dios comunit&aacute;rias da regi&atilde;o eram oriundas de sonhos pessoais. Depois, se tornaram projetos coletivos&rdquo;, resume Vinicius sobre o momento local.<\/p>\n","protected":false},"excerpt":{"rendered":"<p>Munic\u00edpio recebe primeiro evento da Confecom na BA, tem cap\u00edtulo sobre comunica\u00e7\u00e3o na Lei Org\u00e2nica e acolhe curso para comunicadores comunit\u00e1rios<\/p>\n","protected":false},"author":1,"featured_media":0,"comment_status":"open","ping_status":"open","sticky":false,"template":"","format":"standard","meta":{"footnotes":""},"categories":[40],"tags":[1084],"_links":{"self":[{"href":"https:\/\/obscom.intervozes.org.br\/index.php?rest_route=\/wp\/v2\/posts\/23196"}],"collection":[{"href":"https:\/\/obscom.intervozes.org.br\/index.php?rest_route=\/wp\/v2\/posts"}],"about":[{"href":"https:\/\/obscom.intervozes.org.br\/index.php?rest_route=\/wp\/v2\/types\/post"}],"author":[{"embeddable":true,"href":"https:\/\/obscom.intervozes.org.br\/index.php?rest_route=\/wp\/v2\/users\/1"}],"replies":[{"embeddable":true,"href":"https:\/\/obscom.intervozes.org.br\/index.php?rest_route=%2Fwp%2Fv2%2Fcomments&post=23196"}],"version-history":[{"count":0,"href":"https:\/\/obscom.intervozes.org.br\/index.php?rest_route=\/wp\/v2\/posts\/23196\/revisions"}],"wp:attachment":[{"href":"https:\/\/obscom.intervozes.org.br\/index.php?rest_route=%2Fwp%2Fv2%2Fmedia&parent=23196"}],"wp:term":[{"taxonomy":"category","embeddable":true,"href":"https:\/\/obscom.intervozes.org.br\/index.php?rest_route=%2Fwp%2Fv2%2Fcategories&post=23196"},{"taxonomy":"post_tag","embeddable":true,"href":"https:\/\/obscom.intervozes.org.br\/index.php?rest_route=%2Fwp%2Fv2%2Ftags&post=23196"}],"curies":[{"name":"wp","href":"https:\/\/api.w.org\/{rel}","templated":true}]}}