{"id":23193,"date":"2009-08-14T16:28:04","date_gmt":"2009-08-14T16:28:04","guid":{"rendered":"https:\/\/obscom.intervozes.org.br\/wordpress\/?p=23193"},"modified":"2009-08-14T16:28:04","modified_gmt":"2009-08-14T16:28:04","slug":"advogado-diz-que-acusacoes-ja-foram-arquivadas-pelo-stf","status":"publish","type":"post","link":"https:\/\/obscom.intervozes.org.br\/?p=23193","title":{"rendered":"Advogado diz que acusa\u00e7\u00f5es j\u00e1 foram arquivadas pelo STF"},"content":{"rendered":"<p>   \t \t \t \t \t<!-- \t\t@page { margin: 2cm } \t\tP { margin-bottom: 0.21cm } \t--> \t  <\/p>\n<p style=\"margin-bottom: 0cm\" class=\"western padrao padrao\">Em carta no blog do bispo Edir Macedo, seu cliente, o advogado Arthur Lavigne disse que as acusa&ccedil;&otilde;es de lavagem de dinheiro contra os l&iacute;deres da Universal j&aacute; foram arquivadas pelo STF em 2006, a pedido da Procuradoria Geral da Rep&uacute;blica.<\/p>\n<p>Relata a carta: &quot;Essas acusa&ccedil;&otilde;es nada mais s&atilde;o do que uma repeti&ccedil;&atilde;o do conte&uacute;do de outro procedimento instaurado em 1999, para apurar crime de lavagem de dinheiro e sonega&ccedil;&atilde;o fiscal que tinha como investigados, &agrave; &eacute;poca, praticamente as mesmas pessoas que agora o Minist&eacute;rio P&uacute;blico quer colocar novamente como r&eacute;us&quot;.<\/p>\n<p>Segundo Lavigne, a acusa&ccedil;&atilde;o &quot;do momento&quot; nada mais &eacute; do que a repeti&ccedil;&atilde;o de mesmos fatos que o STF arquivou. &quot;Ela mais uma vez revolve fato ocorrido em 1992, quando alguns religiosos ligados &agrave; igreja obtiveram empr&eacute;stimo no exterior para o pagamento da compra da TV Record do Rio. Ao longo desses anos, este empr&eacute;stimo no exterior foi pago mediante presta&ccedil;&otilde;es que acabaram sendo novamente consideradas como desvio para lavagem de dinheiro.&quot;<\/p>\n","protected":false},"excerpt":{"rendered":"<p>Em carta no blog do bispo Edir Macedo, seu cliente, o advogado Arthur Lavigne disse que as acusa&ccedil;&otilde;es de lavagem de dinheiro contra os l&iacute;deres da Universal j&aacute; foram arquivadas pelo STF em 2006, a pedido da Procuradoria Geral da Rep&uacute;blica. Relata a carta: &quot;Essas acusa&ccedil;&otilde;es nada mais s&atilde;o do que uma repeti&ccedil;&atilde;o do conte&uacute;do &hellip; <a href=\"https:\/\/obscom.intervozes.org.br\/?p=23193\" class=\"more-link\">Continue lendo <span class=\"screen-reader-text\">Advogado diz que acusa\u00e7\u00f5es j\u00e1 foram arquivadas pelo STF<\/span> <span class=\"meta-nav\">&rarr;<\/span><\/a><\/p>\n","protected":false},"author":1,"featured_media":0,"comment_status":"open","ping_status":"open","sticky":false,"template":"","format":"standard","meta":{"footnotes":""},"categories":[40],"tags":[1082],"_links":{"self":[{"href":"https:\/\/obscom.intervozes.org.br\/index.php?rest_route=\/wp\/v2\/posts\/23193"}],"collection":[{"href":"https:\/\/obscom.intervozes.org.br\/index.php?rest_route=\/wp\/v2\/posts"}],"about":[{"href":"https:\/\/obscom.intervozes.org.br\/index.php?rest_route=\/wp\/v2\/types\/post"}],"author":[{"embeddable":true,"href":"https:\/\/obscom.intervozes.org.br\/index.php?rest_route=\/wp\/v2\/users\/1"}],"replies":[{"embeddable":true,"href":"https:\/\/obscom.intervozes.org.br\/index.php?rest_route=%2Fwp%2Fv2%2Fcomments&post=23193"}],"version-history":[{"count":0,"href":"https:\/\/obscom.intervozes.org.br\/index.php?rest_route=\/wp\/v2\/posts\/23193\/revisions"}],"wp:attachment":[{"href":"https:\/\/obscom.intervozes.org.br\/index.php?rest_route=%2Fwp%2Fv2%2Fmedia&parent=23193"}],"wp:term":[{"taxonomy":"category","embeddable":true,"href":"https:\/\/obscom.intervozes.org.br\/index.php?rest_route=%2Fwp%2Fv2%2Fcategories&post=23193"},{"taxonomy":"post_tag","embeddable":true,"href":"https:\/\/obscom.intervozes.org.br\/index.php?rest_route=%2Fwp%2Fv2%2Ftags&post=23193"}],"curies":[{"name":"wp","href":"https:\/\/api.w.org\/{rel}","templated":true}]}}