{"id":23190,"date":"2009-08-14T15:52:36","date_gmt":"2009-08-14T15:52:36","guid":{"rendered":"https:\/\/obscom.intervozes.org.br\/wordpress\/?p=23190"},"modified":"2009-08-14T15:52:36","modified_gmt":"2009-08-14T15:52:36","slug":"fundacao-padre-anchieta-ameaca-demitir-grevistas","status":"publish","type":"post","link":"https:\/\/obscom.intervozes.org.br\/?p=23190","title":{"rendered":"Funda\u00e7\u00e3o Padre Anchieta amea\u00e7a demitir grevistas"},"content":{"rendered":"<p> \t \t \t \t<!-- \t\t@page { margin: 2cm } \t\tP { margin-bottom: 0.21cm } \t--> \t  <\/p>\n<p style=\"margin-bottom: 0cm\" class=\"western padrao\"><em>[T&iacute;tulo origianl: TV Cultura entra na Justi&ccedil;a e estuda demiss&atilde;o de grevistas]<\/em><\/p>\n<p>Os radialistas da Funda&ccedil;&atilde;o Anchieta, que administra a TV e da R&aacute;dio Cultura, decidiram nesta quarta-feira (12) manter a greve iniciada na segunda-feira. Em resposta, a funda&ccedil;&atilde;o decidiu acionar a Justi&ccedil;a para que os funcion&aacute;rios garantam o funcionamento da emissora, sob pena de a greve ser considerada ilegal. <\/p>\n<p>Segundo o presidente da funda&ccedil;&atilde;o, Paulo Markun, a suspens&atilde;o da programa&ccedil;&atilde;o poderia justificar demiss&atilde;o e substitui&ccedil;&atilde;o de funcion&aacute;rios.  <\/p>\n<p style=\"margin-bottom: 0cm\" class=\"western padrao\">Com a paralisa&ccedil;&atilde;o, as transmiss&otilde;es foram suspensas da meia-noite &agrave;s 8h. &quot;A televis&atilde;o est&aacute; fora do ar? Durante a madrugada, sempre esteve fora do ar&quot;, argumentou S&eacute;rgio Ipoldo Guimar&atilde;es, da coordena&ccedil;&atilde;o do Sindicatos dos Radialistas de SP. <\/p>\n<p>Os 1.003 radialistas reivindicam o mesmo acordo da categoria no setor privado: 5,83% de aumento mais um abono vari&aacute;vel de 35% (sendo o m&iacute;nimo de R$ 424 e m&aacute;ximo de R$ 1.588). O governo ofereceu reajuste de 6,05%, correspondente ao INPC. <\/p>\n<p>Em nota, a funda&ccedil;&atilde;o afirmou que &quot;far&aacute;, dentro das condi&ccedil;&otilde;es legais, o necess&aacute;rio para manter o funcionamento dos servi&ccedil;os p&uacute;blicos essenciais prestados pela institui&ccedil;&atilde;o&quot;. <\/p>\n<p>Markun prev&ecirc; buraco de R$ 19 milh&otilde;es nas contas e diz que a situa&ccedil;&atilde;o pioraria com a concess&atilde;o do abono.  <\/p>\n","protected":false},"excerpt":{"rendered":"<p>[T&iacute;tulo origianl: TV Cultura entra na Justi&ccedil;a e estuda demiss&atilde;o de grevistas] Os radialistas da Funda&ccedil;&atilde;o Anchieta, que administra a TV e da R&aacute;dio Cultura, decidiram nesta quarta-feira (12) manter a greve iniciada na segunda-feira. Em resposta, a funda&ccedil;&atilde;o decidiu acionar a Justi&ccedil;a para que os funcion&aacute;rios garantam o funcionamento da emissora, sob pena de &hellip; <a href=\"https:\/\/obscom.intervozes.org.br\/?p=23190\" class=\"more-link\">Continue lendo <span class=\"screen-reader-text\">Funda\u00e7\u00e3o Padre Anchieta amea\u00e7a demitir grevistas<\/span> <span class=\"meta-nav\">&rarr;<\/span><\/a><\/p>\n","protected":false},"author":1,"featured_media":0,"comment_status":"open","ping_status":"open","sticky":false,"template":"","format":"standard","meta":{"footnotes":""},"categories":[40],"tags":[201],"_links":{"self":[{"href":"https:\/\/obscom.intervozes.org.br\/index.php?rest_route=\/wp\/v2\/posts\/23190"}],"collection":[{"href":"https:\/\/obscom.intervozes.org.br\/index.php?rest_route=\/wp\/v2\/posts"}],"about":[{"href":"https:\/\/obscom.intervozes.org.br\/index.php?rest_route=\/wp\/v2\/types\/post"}],"author":[{"embeddable":true,"href":"https:\/\/obscom.intervozes.org.br\/index.php?rest_route=\/wp\/v2\/users\/1"}],"replies":[{"embeddable":true,"href":"https:\/\/obscom.intervozes.org.br\/index.php?rest_route=%2Fwp%2Fv2%2Fcomments&post=23190"}],"version-history":[{"count":0,"href":"https:\/\/obscom.intervozes.org.br\/index.php?rest_route=\/wp\/v2\/posts\/23190\/revisions"}],"wp:attachment":[{"href":"https:\/\/obscom.intervozes.org.br\/index.php?rest_route=%2Fwp%2Fv2%2Fmedia&parent=23190"}],"wp:term":[{"taxonomy":"category","embeddable":true,"href":"https:\/\/obscom.intervozes.org.br\/index.php?rest_route=%2Fwp%2Fv2%2Fcategories&post=23190"},{"taxonomy":"post_tag","embeddable":true,"href":"https:\/\/obscom.intervozes.org.br\/index.php?rest_route=%2Fwp%2Fv2%2Ftags&post=23190"}],"curies":[{"name":"wp","href":"https:\/\/api.w.org\/{rel}","templated":true}]}}