{"id":23184,"date":"2009-08-13T00:00:11","date_gmt":"2009-08-13T00:00:11","guid":{"rendered":"https:\/\/obscom.intervozes.org.br\/wordpress\/?p=23184"},"modified":"2009-08-13T00:00:11","modified_gmt":"2009-08-13T00:00:11","slug":"entidades-analisarao-proposta-do-governo-para-resolver-regimento","status":"publish","type":"post","link":"https:\/\/obscom.intervozes.org.br\/?p=23184","title":{"rendered":"Entidades analisar\u00e3o proposta do governo para resolver regimento"},"content":{"rendered":"<p> \t<!-- \t\t@page { margin: 2cm } \t\tP { margin-bottom: 0.21cm } \t--> \t      <\/p>\n<p style=\"margin-bottom: 0cm\" class=\"western padrao padrao\">Ap&oacute;s o di&aacute;logo com representantes dos empres&aacute;rios, nessa ter&ccedil;a-feira (11) foi a vez de o governo receber os movimentos sociais e entidades da sociedade civil n&atilde;o empresarial para discutir uma solu&ccedil;&atilde;o para o impasse que atrasa a aprova&ccedil;&atilde;o do regimento interno da 1&ordf; Confer&ecirc;ncia Nacional de Comunica&ccedil;&atilde;o. No encontro, os ministros das comunica&ccedil;&otilde;es, H&eacute;lio Costa, da Secretaria de Comunica&ccedil;&atilde;o do governo (Secom), Franklin Martins, e da Secretaria-Geral da Presid&ecirc;ncia da Rep&uacute;blica, Luiz Dulci, apresentaram &agrave;s organiza&ccedil;&otilde;es a proposta que vem sendo negociada com o empresariado. <\/p>\n<p>O governo sugeriu que a propor&ccedil;&atilde;o dos delegados fosse dividida em uma propor&ccedil;&atilde;o de 20% para o poder p&uacute;blico, 40% para o setor empresarial e 40% para o restante da sociedade, inclu&iacute;dos a&iacute; os movimentos sociais e entidades da sociedade civil. Para as vota&ccedil;&otilde;es de temas mais &ldquo;sens&iacute;veis&rdquo;, foi proposto qu&oacute;rum qualificado de 60%. Ou seja, para aprovar qualquer resolu&ccedil;&atilde;o mais pol&ecirc;mica, seria necess&aacute;rio que pelo menos ou os empres&aacute;rios ou a sociedade civil n&atilde;o-empresarial tivesse o apoio dos delegados governamentais. <\/p>\n<p>Na avalia&ccedil;&atilde;o do governo, a proposta garante uma margem de acordo m&iacute;nimo sem impor um direito de veto a qualquer um dos setores. Os ministros ressaltaram ainda que a presen&ccedil;a dos representantes do empresariado &eacute; muito importante para construir um &ldquo;terreno de entendimento&rdquo; sobre um novo marco regulat&oacute;rio que organize o setor no cen&aacute;rio de converg&ecirc;ncia tecnol&oacute;gica. Neste sentido, os respons&aacute;veis pela interlocu&ccedil;&atilde;o pelo Executivo disseram que far&atilde;o todos os esfor&ccedil;os poss&iacute;veis para manter o segmento no processo. <\/p>\n<p>As entidades presentes &agrave; reuni&atilde;o desta ter&ccedil;a-feira manifestaram-se de maneira diferenciada. Para alguns dos presentes, a proposta de qu&oacute;rum qualificado seria importante para criar um ambiente de di&aacute;logo entre os tr&ecirc;s setores, condi&ccedil;&atilde;o &agrave; produ&ccedil;&atilde;o de pol&iacute;ticas p&uacute;blicas que d&ecirc;em conta das demandas criadas pelo anacronismo do atual modelo institucional das comunica&ccedil;&otilde;es brasileiras. <\/p>\n<p>Outros participantes apontaram problemas graves na proposta do governo. Defenderam que a propor&ccedil;&atilde;o para a divis&atilde;o dos delegados sugerida pelos ministros cria uma sobre-representa&ccedil;&atilde;o do segmento empresarial nunca antes vista em confer&ecirc;ncias nacionais. J&aacute; no que tange ao qu&oacute;rum qualificado, a institui&ccedil;&atilde;o do percentual de 60% imporia barreiras muito fortes &agrave; aprova&ccedil;&atilde;o de resolu&ccedil;&otilde;es, indo de encontro ao usual m&eacute;todo da maioria simples para a resolu&ccedil;&atilde;o de diverg&ecirc;ncias.<\/p>\n<p><strong>Legitimidade com ou sem empres&aacute;rios<\/strong><\/p>\n<p>Al&eacute;m do debate sobre estas propostas, representantes das entidades da sociedade civil destacaram que o processo de organiza&ccedil;&atilde;o da Confer&ecirc;ncia deve continuar com ou sem a presen&ccedil;a dos empres&aacute;rios, e que o governo n&atilde;o deve aceitar reduzir a import&acirc;ncia da iniciativa caso os operadores comerciais optem por abandonar a Confecom. <\/p>\n<p>Outra preocupa&ccedil;&atilde;o manifestada foi quanto ao cronograma e &agrave; estrutura da Confer&ecirc;ncia. Representantes das entidades cobraram a defini&ccedil;&atilde;o do local de realiza&ccedil;&atilde;o da etapa nacional e a recomposi&ccedil;&atilde;o dos R$ 8,2 milh&otilde;es previstos inicialmente para o evento. Quanto ao calend&aacute;rio, as entidades alertaram para a demora na defini&ccedil;&atilde;o do regimento interno, que atualmente est&aacute; represando a convoca&ccedil;&atilde;o de nove etapas estaduais e o andamento das atividades nas quatro Unidades da Federa&ccedil;&atilde;o que j&aacute; deram in&iacute;cio ao processo.<\/p>\n<p><strong>Pr&oacute;ximos passos<\/strong><\/p>\n<p>Ao final da reuni&atilde;o, foi acertado que os tr&ecirc;s ministros levar&atilde;o aos empres&aacute;rios em reuni&atilde;o amanh&atilde; (13, quinta-feira) a posi&ccedil;&atilde;o de que as entidades da sociedade civil aceitam examinar a proposta do Executivo em discuss&atilde;o. Neste encontro, marcado para amanh&atilde;, os representantes empresariais dever&atilde;o manifestar sua posi&ccedil;&atilde;o final sobre a sugest&atilde;o do governo, decidindo se permanecem ou abandonam o processo. <\/p>\n<p>O desfecho do di&aacute;logo entre governo e empres&aacute;rios &eacute; aguardado pelos movimentos sociais e organiza&ccedil;&otilde;es da sociedade civil para que uma posi&ccedil;&atilde;o conclusiva seja apresentada. Se o setor empresarial decidir se retirar, o cen&aacute;rio muda e a sugest&atilde;o do governo ser&aacute; alterada para um novo formato. <\/p>\n<p>Para o integrante do Intervozes &ndash; Coletivo Brasil de Comunica&ccedil;&atilde;o Social Jonas Valente, que representa a entidade na Comiss&atilde;o Organizadora da Confecom, a presen&ccedil;a dos empres&aacute;rios &eacute; importante, mas n&atilde;o pode se dar &agrave;s custas do comprometimento do car&aacute;ter amplo e democr&aacute;tico do processo. <\/p>\n<p>&ldquo;&Eacute; fundamental que o governo mantenha determinados princ&iacute;pios de organiza&ccedil;&atilde;o ampla e democr&aacute;tica do debate para que a Confer&ecirc;ncia seja de fato um marco na abertura do debate sobre as comunica&ccedil;&otilde;es ao conjunto da popula&ccedil;&atilde;o, sem privil&eacute;gio de nenhum setor, independente do seu poderio econ&ocirc;mico. Se os empres&aacute;rios sa&iacute;rem, ser&aacute; uma pena e sinalizar&aacute; uma indisposi&ccedil;&atilde;o lament&aacute;vel ao debate. Mas isso n&atilde;o tirar&aacute; a legitimidadade do processo&rdquo;, defende.<\/p>\n","protected":false},"excerpt":{"rendered":"<p>Em reuni\u00e3o com ministros, representantes da sociedade civil na Comiss\u00e3o Organizadora da Confer\u00eancia Nacional de Comunica\u00e7\u00e3o fizeram avalia\u00e7\u00f5es diversas das propostas em negocia\u00e7\u00e3o com empres\u00e1rios<\/p>\n","protected":false},"author":1,"featured_media":0,"comment_status":"open","ping_status":"open","sticky":false,"template":"","format":"standard","meta":{"footnotes":""},"categories":[40],"tags":[1012],"_links":{"self":[{"href":"https:\/\/obscom.intervozes.org.br\/index.php?rest_route=\/wp\/v2\/posts\/23184"}],"collection":[{"href":"https:\/\/obscom.intervozes.org.br\/index.php?rest_route=\/wp\/v2\/posts"}],"about":[{"href":"https:\/\/obscom.intervozes.org.br\/index.php?rest_route=\/wp\/v2\/types\/post"}],"author":[{"embeddable":true,"href":"https:\/\/obscom.intervozes.org.br\/index.php?rest_route=\/wp\/v2\/users\/1"}],"replies":[{"embeddable":true,"href":"https:\/\/obscom.intervozes.org.br\/index.php?rest_route=%2Fwp%2Fv2%2Fcomments&post=23184"}],"version-history":[{"count":0,"href":"https:\/\/obscom.intervozes.org.br\/index.php?rest_route=\/wp\/v2\/posts\/23184\/revisions"}],"wp:attachment":[{"href":"https:\/\/obscom.intervozes.org.br\/index.php?rest_route=%2Fwp%2Fv2%2Fmedia&parent=23184"}],"wp:term":[{"taxonomy":"category","embeddable":true,"href":"https:\/\/obscom.intervozes.org.br\/index.php?rest_route=%2Fwp%2Fv2%2Fcategories&post=23184"},{"taxonomy":"post_tag","embeddable":true,"href":"https:\/\/obscom.intervozes.org.br\/index.php?rest_route=%2Fwp%2Fv2%2Ftags&post=23184"}],"curies":[{"name":"wp","href":"https:\/\/api.w.org\/{rel}","templated":true}]}}