{"id":23182,"date":"2009-08-12T09:55:26","date_gmt":"2009-08-12T09:55:26","guid":{"rendered":"https:\/\/obscom.intervozes.org.br\/wordpress\/?p=23182"},"modified":"2009-08-12T09:55:26","modified_gmt":"2009-08-12T09:55:26","slug":"ministerio-da-cultura-assina-convenio-para-investimentos-em-site-indigena","status":"publish","type":"post","link":"https:\/\/obscom.intervozes.org.br\/?p=23182","title":{"rendered":"Minist\u00e9rio da Cultura assina conv\u00eanio para investimentos em site ind\u00edgena"},"content":{"rendered":"<p> \t<!-- \t\t@page { margin: 2cm } \t\tP { margin-bottom: 0.21cm } \t--> \t <\/p>\n<p style=\"margin-bottom: 0cm\" class=\"western padrao\">O site &Iacute;ndios Online receber&aacute; mais investimentos do governo federal para a amplia&ccedil;&atilde;o do projeto. Foi assinado hoje (11) conv&ecirc;nio entre coordenadores do portal e Minist&eacute;rio da Cultura, que vai destinar mais recursos ao atual ponto de cultura no munic&iacute;pio de Oliveira, no sul da Bahia. O portal permite a conex&atilde;o entre comunidades ind&iacute;genas via rede digital, produzido por &iacute;ndios da Regi&atilde;o Nordeste,  <\/p>\n<p style=\"margin-bottom: 0cm\" class=\"western padrao\">No local, s&atilde;o capacitados comunicadores para a produ&ccedil;&atilde;o de materiais audiovisuais nas sete na&ccedil;&otilde;es ind&iacute;genas que participam do projeto: Kiriri, Tupinamb&aacute;, Patax&oacute;-H&atilde;h&atilde;h&atilde;e, Tumbalal&aacute; na Bahia, Xucuru-Kariri, Kariri-Xoc&oacute; em Alagoas e os Pankararu em Pernambuco.  <\/p>\n<p style=\"margin-bottom: 0cm\" class=\"western padrao\">&ldquo;O &Iacute;ndios Online tenta solucionar os problemas de interliga&ccedil;&atilde;o das aldeias ind&iacute;genas. Com a instala&ccedil;&atilde;o do Pont&atilde;o de Cultura, capacitamos os &iacute;ndios como rep&oacute;rteres. Eles fazem mat&eacute;rias, filmes para os sites e ainda ganham pr&ecirc;mios com isso&rdquo;, conta o secret&aacute;rio de Cidadania Cultural do Minist&eacute;rio da Cultura, C&eacute;lio Turino.<\/p>\n<p style=\"margin-bottom: 0cm\" class=\"western padrao\">O site surgiu em 2004 na tentativa de difundir a diversidade cultural dos povos ind&iacute;genas que vivem na regi&atilde;o Nordeste do pa&iacute;s. &quot;O site nos ajudou muito na divulga&ccedil;&atilde;o de nossa cultura que agora alcan&ccedil;a todo o pa&iacute;s e o mundo atrav&eacute;s da internet&rdquo;, diz Isa&iacute;as, da etnia Tupinamb&aacute;, um dos coordenadores do portal.<\/p>\n","protected":false},"excerpt":{"rendered":"<p>O site &Iacute;ndios Online receber&aacute; mais investimentos do governo federal para a amplia&ccedil;&atilde;o do projeto. Foi assinado hoje (11) conv&ecirc;nio entre coordenadores do portal e Minist&eacute;rio da Cultura, que vai destinar mais recursos ao atual ponto de cultura no munic&iacute;pio de Oliveira, no sul da Bahia. O portal permite a conex&atilde;o entre comunidades ind&iacute;genas via &hellip; <a href=\"https:\/\/obscom.intervozes.org.br\/?p=23182\" class=\"more-link\">Continue lendo <span class=\"screen-reader-text\">Minist\u00e9rio da Cultura assina conv\u00eanio para investimentos em site ind\u00edgena<\/span> <span class=\"meta-nav\">&rarr;<\/span><\/a><\/p>\n","protected":false},"author":1,"featured_media":0,"comment_status":"open","ping_status":"open","sticky":false,"template":"","format":"standard","meta":{"footnotes":""},"categories":[40],"tags":[886],"_links":{"self":[{"href":"https:\/\/obscom.intervozes.org.br\/index.php?rest_route=\/wp\/v2\/posts\/23182"}],"collection":[{"href":"https:\/\/obscom.intervozes.org.br\/index.php?rest_route=\/wp\/v2\/posts"}],"about":[{"href":"https:\/\/obscom.intervozes.org.br\/index.php?rest_route=\/wp\/v2\/types\/post"}],"author":[{"embeddable":true,"href":"https:\/\/obscom.intervozes.org.br\/index.php?rest_route=\/wp\/v2\/users\/1"}],"replies":[{"embeddable":true,"href":"https:\/\/obscom.intervozes.org.br\/index.php?rest_route=%2Fwp%2Fv2%2Fcomments&post=23182"}],"version-history":[{"count":0,"href":"https:\/\/obscom.intervozes.org.br\/index.php?rest_route=\/wp\/v2\/posts\/23182\/revisions"}],"wp:attachment":[{"href":"https:\/\/obscom.intervozes.org.br\/index.php?rest_route=%2Fwp%2Fv2%2Fmedia&parent=23182"}],"wp:term":[{"taxonomy":"category","embeddable":true,"href":"https:\/\/obscom.intervozes.org.br\/index.php?rest_route=%2Fwp%2Fv2%2Fcategories&post=23182"},{"taxonomy":"post_tag","embeddable":true,"href":"https:\/\/obscom.intervozes.org.br\/index.php?rest_route=%2Fwp%2Fv2%2Ftags&post=23182"}],"curies":[{"name":"wp","href":"https:\/\/api.w.org\/{rel}","templated":true}]}}