{"id":23175,"date":"2009-08-11T13:54:52","date_gmt":"2009-08-11T13:54:52","guid":{"rendered":"https:\/\/obscom.intervozes.org.br\/wordpress\/?p=23175"},"modified":"2009-08-11T13:54:52","modified_gmt":"2009-08-11T13:54:52","slug":"justica-reafirma-condenacao-de-colunista-capixaba-por-racismo-contra-indios","status":"publish","type":"post","link":"https:\/\/obscom.intervozes.org.br\/?p=23175","title":{"rendered":"Justi\u00e7a reafirma condena\u00e7\u00e3o de colunista capixaba por racismo contra \u00edndios"},"content":{"rendered":"<p> \t<!-- \t\t@page { margin: 2cm } \t\tP { margin-bottom: 0.21cm } \t--> \t <\/p>\n<p style=\"margin-bottom: 0cm\" class=\"western\"><span class=\"padrao\"><u><strong>Reproduzido do site do TRF 2&ordf; Regi&atilde;o<\/strong><\/u><\/p>\n<p>A 2&ordf; Turma Especializada do TRF-2&ordf; Regi&atilde;o, por unanimidade, confirmou a condena&ccedil;&atilde;o imposta pela Justi&ccedil;a Federal do Esp&iacute;rito Santo ao colunista Gutman Uchoa de Mendon&ccedil;a pelo crime de racismo. De acordo com os autos, o colunista divulgou &ldquo;mensagens racistas e discriminat&oacute;rias, por meio de artigos publicados no jornal &lsquo;A Gazeta&rsquo;, incitando e induzindo a discrimina&ccedil;&atilde;o contra minorias&rdquo;. Nos termos da senten&ccedil;a, Gutman, que tem mais de 70 anos, dever&aacute; cumprir um ano de servi&ccedil;o &agrave; comunidade. A decis&atilde;o se deu em resposta &agrave; apela&ccedil;&atilde;o criminal apresentada pelo r&eacute;u, que pretendia sua absolvi&ccedil;&atilde;o.<\/p>\n<p>O relator do caso no TRF2, desembargador federal Andr&eacute; Fontes, explicou no seu voto, que &ldquo;o colunista do jornal &ldquo;A Gazeta&rdquo; publicou durante o primeiro semestre de 2000, tr&ecirc;s artigos nos quais imputou aos &iacute;ndios adjetivos claramente discriminat&oacute;rios, tais como &lsquo;indolentes&rsquo;, &lsquo;pregui&ccedil;osos&rsquo;, &lsquo;ociosos&rsquo;, &lsquo;in&uacute;teis&rsquo; e &lsquo;arredios&rdquo;, ofendendo, tamb&eacute;m, a cultura ind&iacute;gena ao qualific&aacute;-la como &lsquo;burra&rsquo;, &lsquo;est&uacute;pida&rsquo;, &lsquo;predat&oacute;ria&rsquo;&rdquo;.<\/p>\n<p>Para o magistrado, o direito de liberdade de express&atilde;o &ldquo;n&atilde;o deve ser exercido de modo absoluto, irrestrito, sob pena de viola&ccedil;&atilde;o a outros valores igualmente relevantes, como o princ&iacute;pio da dignidade humana&rdquo;, ressaltou. Se o r&eacute;u &#8211; continuou -, &ldquo;de forma consciente e volunt&aacute;ria, por meio de artigos publicados em jornal, praticou, induziu e incitou a discrimina&ccedil;&atilde;o contra os &iacute;ndios, incorreu no tipo penal de racismo&rdquo;, encerrou.<\/span><\/p>\n","protected":false},"excerpt":{"rendered":"<p>Reproduzido do site do TRF 2&ordf; Regi&atilde;o A 2&ordf; Turma Especializada do TRF-2&ordf; Regi&atilde;o, por unanimidade, confirmou a condena&ccedil;&atilde;o imposta pela Justi&ccedil;a Federal do Esp&iacute;rito Santo ao colunista Gutman Uchoa de Mendon&ccedil;a pelo crime de racismo. De acordo com os autos, o colunista divulgou &ldquo;mensagens racistas e discriminat&oacute;rias, por meio de artigos publicados no jornal &hellip; <a href=\"https:\/\/obscom.intervozes.org.br\/?p=23175\" class=\"more-link\">Continue lendo <span class=\"screen-reader-text\">Justi\u00e7a reafirma condena\u00e7\u00e3o de colunista capixaba por racismo contra \u00edndios<\/span> <span class=\"meta-nav\">&rarr;<\/span><\/a><\/p>\n","protected":false},"author":1,"featured_media":0,"comment_status":"open","ping_status":"open","sticky":false,"template":"","format":"standard","meta":{"footnotes":""},"categories":[39],"tags":[],"_links":{"self":[{"href":"https:\/\/obscom.intervozes.org.br\/index.php?rest_route=\/wp\/v2\/posts\/23175"}],"collection":[{"href":"https:\/\/obscom.intervozes.org.br\/index.php?rest_route=\/wp\/v2\/posts"}],"about":[{"href":"https:\/\/obscom.intervozes.org.br\/index.php?rest_route=\/wp\/v2\/types\/post"}],"author":[{"embeddable":true,"href":"https:\/\/obscom.intervozes.org.br\/index.php?rest_route=\/wp\/v2\/users\/1"}],"replies":[{"embeddable":true,"href":"https:\/\/obscom.intervozes.org.br\/index.php?rest_route=%2Fwp%2Fv2%2Fcomments&post=23175"}],"version-history":[{"count":0,"href":"https:\/\/obscom.intervozes.org.br\/index.php?rest_route=\/wp\/v2\/posts\/23175\/revisions"}],"wp:attachment":[{"href":"https:\/\/obscom.intervozes.org.br\/index.php?rest_route=%2Fwp%2Fv2%2Fmedia&parent=23175"}],"wp:term":[{"taxonomy":"category","embeddable":true,"href":"https:\/\/obscom.intervozes.org.br\/index.php?rest_route=%2Fwp%2Fv2%2Fcategories&post=23175"},{"taxonomy":"post_tag","embeddable":true,"href":"https:\/\/obscom.intervozes.org.br\/index.php?rest_route=%2Fwp%2Fv2%2Ftags&post=23175"}],"curies":[{"name":"wp","href":"https:\/\/api.w.org\/{rel}","templated":true}]}}