{"id":23172,"date":"2009-08-10T16:12:33","date_gmt":"2009-08-10T16:12:33","guid":{"rendered":"https:\/\/obscom.intervozes.org.br\/wordpress\/?p=23172"},"modified":"2009-08-10T16:12:33","modified_gmt":"2009-08-10T16:12:33","slug":"luiza-erundina-acusa-empresarios-de-dificultarem-realizacao-da-conferencia-de-comunicacao","status":"publish","type":"post","link":"https:\/\/obscom.intervozes.org.br\/?p=23172","title":{"rendered":"Luiza Erundina acusa empres\u00e1rios de dificultarem realiza\u00e7\u00e3o da Confer\u00eancia de Comunica\u00e7\u00e3o"},"content":{"rendered":"<p>   \t \t \t \t \t<!-- \t\t@page { margin: 2cm } \t\tP { margin-bottom: 0.21cm } \t--> \t   <\/p>\n<p style=\"margin-bottom: 0cm\" class=\"western padrao\">A deputada federal Luiza Erundina (PSB-SP), representante da C&acirc;mara na comiss&atilde;o organizadora da primeira Confer&ecirc;ncia Nacional de Comunica&ccedil;&atilde;o, afirmou que empres&aacute;rios tentam inviabilizar o evento, dificultando o cumprimento dos prazos para a realiza&ccedil;&atilde;o das confer&ecirc;ncias preparat&oacute;rias locais e estaduais. <\/p>\n<p>Na &uacute;ltima quarta-feira (5), os ministros das Comunica&ccedil;&otilde;es, H&eacute;lio Costa; da Secretaria-geral da Presid&ecirc;ncia, Luiz Dulci; e da Secretaria de Comunica&ccedil;&atilde;o, Franklin Martins, garantiram que far&atilde;o o poss&iacute;vel para trazer o setor empresarial das comunica&ccedil;&otilde;es de volta ao debate.<\/p>\n<p>Em reuni&atilde;o com representantes dos empres&aacute;rios, foram feitas considera&ccedil;&otilde;es sobre a perman&ecirc;ncia deles na Confer&ecirc;ncia, informou a <em>Ag&ecirc;ncia C&acirc;mara<\/em>. Para os ministros, as premissas apresentadas para o afastamento dos empres&aacute;rios &#8211; como o direito de propriedade e liberdade de express&atilde;o &#8211; j&aacute; est&atilde;o garantidas pela Constitui&ccedil;&atilde;o Federal. <\/p>\n<p>Segundo Erundina, &quot;h&aacute; uma dificuldade enorme para definir o quorum de delibera&ccedil;&atilde;o no &acirc;mbito da pr&oacute;pria comiss&atilde;o organizadora, para definir a propor&ccedil;&atilde;o de delegados em rela&ccedil;&atilde;o aos v&aacute;rios setores que v&atilde;o compor essa confer&ecirc;ncia nacional. Enfim, a atitude dos empres&aacute;rios durante todo o tempo foi de resist&ecirc;ncia, de protelar as decis&otilde;es, sem as quais n&atilde;o d&aacute; para cumprir o calend&aacute;rio que ficou definido para as confer&ecirc;ncias preparat&oacute;rias&quot;. <\/p>\n<p>O calend&aacute;rio prev&ecirc; que a confer&ecirc;ncia ser&aacute; realizada de 1&ordm; a 3 de dezembro deste ano. As confer&ecirc;ncias estaduais dever&atilde;o ser promovidas at&eacute; 31 de outubro e as locais at&eacute; 20 dias antes da confer&ecirc;ncia estadual.<\/p>\n","protected":false},"excerpt":{"rendered":"<p>A deputada federal Luiza Erundina (PSB-SP), representante da C&acirc;mara na comiss&atilde;o organizadora da primeira Confer&ecirc;ncia Nacional de Comunica&ccedil;&atilde;o, afirmou que empres&aacute;rios tentam inviabilizar o evento, dificultando o cumprimento dos prazos para a realiza&ccedil;&atilde;o das confer&ecirc;ncias preparat&oacute;rias locais e estaduais. Na &uacute;ltima quarta-feira (5), os ministros das Comunica&ccedil;&otilde;es, H&eacute;lio Costa; da Secretaria-geral da Presid&ecirc;ncia, Luiz Dulci; &hellip; <a href=\"https:\/\/obscom.intervozes.org.br\/?p=23172\" class=\"more-link\">Continue lendo <span class=\"screen-reader-text\">Luiza Erundina acusa empres\u00e1rios de dificultarem realiza\u00e7\u00e3o da Confer\u00eancia de Comunica\u00e7\u00e3o<\/span> <span class=\"meta-nav\">&rarr;<\/span><\/a><\/p>\n","protected":false},"author":1,"featured_media":0,"comment_status":"open","ping_status":"open","sticky":false,"template":"","format":"standard","meta":{"footnotes":""},"categories":[40],"tags":[1012],"_links":{"self":[{"href":"https:\/\/obscom.intervozes.org.br\/index.php?rest_route=\/wp\/v2\/posts\/23172"}],"collection":[{"href":"https:\/\/obscom.intervozes.org.br\/index.php?rest_route=\/wp\/v2\/posts"}],"about":[{"href":"https:\/\/obscom.intervozes.org.br\/index.php?rest_route=\/wp\/v2\/types\/post"}],"author":[{"embeddable":true,"href":"https:\/\/obscom.intervozes.org.br\/index.php?rest_route=\/wp\/v2\/users\/1"}],"replies":[{"embeddable":true,"href":"https:\/\/obscom.intervozes.org.br\/index.php?rest_route=%2Fwp%2Fv2%2Fcomments&post=23172"}],"version-history":[{"count":0,"href":"https:\/\/obscom.intervozes.org.br\/index.php?rest_route=\/wp\/v2\/posts\/23172\/revisions"}],"wp:attachment":[{"href":"https:\/\/obscom.intervozes.org.br\/index.php?rest_route=%2Fwp%2Fv2%2Fmedia&parent=23172"}],"wp:term":[{"taxonomy":"category","embeddable":true,"href":"https:\/\/obscom.intervozes.org.br\/index.php?rest_route=%2Fwp%2Fv2%2Fcategories&post=23172"},{"taxonomy":"post_tag","embeddable":true,"href":"https:\/\/obscom.intervozes.org.br\/index.php?rest_route=%2Fwp%2Fv2%2Ftags&post=23172"}],"curies":[{"name":"wp","href":"https:\/\/api.w.org\/{rel}","templated":true}]}}