{"id":23167,"date":"2009-08-10T12:57:46","date_gmt":"2009-08-10T12:57:46","guid":{"rendered":"https:\/\/obscom.intervozes.org.br\/wordpress\/?p=23167"},"modified":"2009-08-10T12:57:46","modified_gmt":"2009-08-10T12:57:46","slug":"sao-paulo-realiza-pre-conferencia-de-comunicacao","status":"publish","type":"post","link":"https:\/\/obscom.intervozes.org.br\/?p=23167","title":{"rendered":"S\u00e3o Paulo realiza Pr\u00e9-Confer\u00eancia de Comunica\u00e7\u00e3o"},"content":{"rendered":"<p> \t<!-- \t\t@page { margin: 2cm } \t\tP { margin-bottom: 0.21cm } \t--> <\/p>\n<p style=\"margin-bottom: 0cm\" class=\"western\"><span class=\"padrao\">No &acirc;mbito das mobiliza&ccedil;&otilde;es pela Confer&ecirc;ncia Nacional de Comunica&ccedil;&atilde;o (Confecom), aconteceu no &uacute;ltimo dia 1o de agosto a 1a Pr&eacute; Conferencia Paulista de Comunica&ccedil;&atilde;o. A Confecom &eacute; uma confer&ecirc;ncia chamada pelo governo e que prev&ecirc; a participa&ccedil;&atilde;o da sociedade civil na elabora&ccedil;&atilde;o de pol&iacute;ticas p&uacute;blicas para o setor.<\/p>\n<p>A Pr&eacute;-Confer&ecirc;ncia foi organizada pela Comiss&atilde;o Pr&oacute;-Confer&ecirc;ncia de Comunica&ccedil;&atilde;o de S&atilde;o Paulo e reuniu mais de 250 representantes de movimentos sociais e entidades da sociedade civil.<\/p>\n<p>Com o tema &ldquo;Da comunica&ccedil;&atilde;o que temos &agrave; comunica&ccedil;&atilde;o que queremos&rdquo; encontro teve uma mesa inicial em que se apresentou um hist&oacute;rico da Confecom e um panorama sobre a situa&ccedil;&atilde;o das pol&iacute;ticas de comunica&ccedil;&atilde;o no pa&iacute;s hoje. Representantes dos diversos segmentos presentes tamb&eacute;m falaram sobre a rela&ccedil;&atilde;o entre suas reivindica&ccedil;&otilde;es e a luta pela democratiza&ccedil;&atilde;o da comunica&ccedil;&atilde;o.<\/p>\n<p>Os participantes se dividiram em 7 grupos de trabalho para discutir propostas dos movimentos sociais e entidades da sociedade civil para os seguintes temas: Diversidade de Pluralidade de Conte&uacute;do, Controle Social e Instrumentos de Regula&ccedil;&atilde;o, Publicidade e Mecanismos de Financiamento, Concess&otilde;es e Propriedade, Sistema P&uacute;blico de Comunica&ccedil;&atilde;o, Radiodifus&atilde;o Comunit&aacute;ria e Inclus&atilde;o Digital e Internet.<\/p>\n<p><strong>Declara&ccedil;&atilde;o final<\/strong><\/p>\n<p>Al&eacute;m de discutirem as propostas tem&aacute;ticas, os grupos presentes no encontro aprovaram um documento com uma s&eacute;rie de exig&ecirc;ncias ao governo federal relativas &agrave;s condi&ccedil;&otilde;es para a realiza&ccedil;&atilde;o da Confecom. Veja abaixo a &iacute;ntegra do documento:<\/p>\n<p>&ldquo;N&oacute;s, 277 representantes de movimentos sociais, sindicatos e entidades da sociedade civil reunidos na 1&ordf; Pr&eacute; Confer&ecirc;ncia Paulista de Comunica&ccedil;&atilde;o, reivindicamos:<\/span><\/p>\n<p style=\"margin-bottom: 0cm\" class=\"western padrao\">&#8211; a garantia de realiza&ccedil;&atilde;o da I Confer&ecirc;ncia Nacional de Comunica&ccedil;&atilde;o ainda que os setores empresariais se retirem do processo;<\/p>\n<p>&#8211; a retomada dos R$ 8,2 milh&otilde;es previstos no or&ccedil;amento de 2009 para a realiza&ccedil;&atilde;o da Confer&ecirc;ncia;<\/p>\n<p>&#8211; a imediata aprova&ccedil;&atilde;o do regimento a partir das propostas apresentadas pelos movimentos sociais e entidades da sociedade civil n&atilde;o-empresarial e convoca&ccedil;&atilde;o das etapas municipais, regionais e estaduais; <br \/>&#8211; a rejei&ccedil;&atilde;o das &ldquo;condi&ccedil;&otilde;es m&iacute;nimas&rdquo; impostas pelos empres&aacute;rios em rela&ccedil;&atilde;o ao tem&aacute;rio e aos crit&eacute;rios de participa&ccedil;&atilde;o; <\/p>\n<p>&#8211; que a Confer&ecirc;ncia debata amplamente a atual situa&ccedil;&atilde;o da m&iacute;dia e defina pol&iacute;ticas p&uacute;blicas de democratiza&ccedil;&atilde;o da comunica&ccedil;&atilde;o, sem qualquer restri&ccedil;&atilde;o do tem&aacute;rio; <\/p>\n<p>&#8211; que a Confer&ecirc;ncia garanta a representa&ccedil;&atilde;o dos diversos setores da sociedade civil sem se submeter &agrave;s propostas de sobre-representa&ccedil;&atilde;o do setor empresarial.<\/p>\n<p>S&atilde;o Paulo, 1&ordm; de agosto de 2009&rdquo;<\/p>\n","protected":false},"excerpt":{"rendered":"<p>No &acirc;mbito das mobiliza&ccedil;&otilde;es pela Confer&ecirc;ncia Nacional de Comunica&ccedil;&atilde;o (Confecom), aconteceu no &uacute;ltimo dia 1o de agosto a 1a Pr&eacute; Conferencia Paulista de Comunica&ccedil;&atilde;o. A Confecom &eacute; uma confer&ecirc;ncia chamada pelo governo e que prev&ecirc; a participa&ccedil;&atilde;o da sociedade civil na elabora&ccedil;&atilde;o de pol&iacute;ticas p&uacute;blicas para o setor. A Pr&eacute;-Confer&ecirc;ncia foi organizada pela Comiss&atilde;o Pr&oacute;-Confer&ecirc;ncia &hellip; <a href=\"https:\/\/obscom.intervozes.org.br\/?p=23167\" class=\"more-link\">Continue lendo <span class=\"screen-reader-text\">S\u00e3o Paulo realiza Pr\u00e9-Confer\u00eancia de Comunica\u00e7\u00e3o<\/span> <span class=\"meta-nav\">&rarr;<\/span><\/a><\/p>\n","protected":false},"author":1,"featured_media":0,"comment_status":"open","ping_status":"open","sticky":false,"template":"","format":"standard","meta":{"footnotes":""},"categories":[40],"tags":[1012],"_links":{"self":[{"href":"https:\/\/obscom.intervozes.org.br\/index.php?rest_route=\/wp\/v2\/posts\/23167"}],"collection":[{"href":"https:\/\/obscom.intervozes.org.br\/index.php?rest_route=\/wp\/v2\/posts"}],"about":[{"href":"https:\/\/obscom.intervozes.org.br\/index.php?rest_route=\/wp\/v2\/types\/post"}],"author":[{"embeddable":true,"href":"https:\/\/obscom.intervozes.org.br\/index.php?rest_route=\/wp\/v2\/users\/1"}],"replies":[{"embeddable":true,"href":"https:\/\/obscom.intervozes.org.br\/index.php?rest_route=%2Fwp%2Fv2%2Fcomments&post=23167"}],"version-history":[{"count":0,"href":"https:\/\/obscom.intervozes.org.br\/index.php?rest_route=\/wp\/v2\/posts\/23167\/revisions"}],"wp:attachment":[{"href":"https:\/\/obscom.intervozes.org.br\/index.php?rest_route=%2Fwp%2Fv2%2Fmedia&parent=23167"}],"wp:term":[{"taxonomy":"category","embeddable":true,"href":"https:\/\/obscom.intervozes.org.br\/index.php?rest_route=%2Fwp%2Fv2%2Fcategories&post=23167"},{"taxonomy":"post_tag","embeddable":true,"href":"https:\/\/obscom.intervozes.org.br\/index.php?rest_route=%2Fwp%2Fv2%2Ftags&post=23167"}],"curies":[{"name":"wp","href":"https:\/\/api.w.org\/{rel}","templated":true}]}}