{"id":23161,"date":"2009-08-06T16:36:13","date_gmt":"2009-08-06T16:36:13","guid":{"rendered":"https:\/\/obscom.intervozes.org.br\/wordpress\/?p=23161"},"modified":"2009-08-06T16:36:13","modified_gmt":"2009-08-06T16:36:13","slug":"comissao-de-jornalismo-do-mec-deve-entregar-relatorio-na-proxima-semana","status":"publish","type":"post","link":"https:\/\/obscom.intervozes.org.br\/?p=23161","title":{"rendered":"Comiss\u00e3o de jornalismo do MEC deve entregar relat\u00f3rio na pr\u00f3xima semana"},"content":{"rendered":"<p>   \t \t \t \t \t<!-- \t\t@page { margin: 2cm } \t\tP { margin-bottom: 0.21cm } \t--> \t  <\/p>\n<p style=\"margin-bottom: 0cm\" class=\"western\"><span class=\"padrao\">A Comiss&atilde;o do MEC, que prop&otilde;e a revis&atilde;o das diretrizes curriculares para o curso superior de jornalismo, j&aacute; terminou o relat&oacute;rio e dever&aacute; entreg&aacute;-lo ao Minist&eacute;rio da Educa&ccedil;&atilde;o na pr&oacute;xima semana. O prazo final &eacute; no dia 19\/08.<\/p>\n<p>De acordo com o professor Jos&eacute; Marques de Mello, que preside a Comiss&atilde;o, o grupo s&oacute; espera o an&uacute;ncio da audi&ecirc;ncia oficial para a entrega do relat&oacute;rio. Mello ressaltou ainda que a recente queda da exig&ecirc;ncia do diploma de jornalismo n&atilde;o alterou o trabalho da comiss&atilde;o, nem as propostas do relat&oacute;rio. &ldquo;Nosso objetivo &eacute; formar um jornalista competente com as novas diretrizes. E agora as faculdades de jornalismo ter&atilde;o que investir no ensino para se diferenciar no mercado e atrair estudantes&rdquo;, afirmou.<\/p>\n<p>Entre algumas das propostas, a Comiss&atilde;o sugere e concorda com o MEC na decis&atilde;o de tornar o curso de Jornalismo uma faculdade independente, desmembrada da comunica&ccedil;&atilde;o social. Al&eacute;m disso, prop&otilde;e mestrado profissionalizante na &aacute;rea e est&aacute;gio obrigat&oacute;rio em ve&iacute;culos de comunica&ccedil;&atilde;o.<\/span><\/p>\n","protected":false},"excerpt":{"rendered":"<p>A Comiss&atilde;o do MEC, que prop&otilde;e a revis&atilde;o das diretrizes curriculares para o curso superior de jornalismo, j&aacute; terminou o relat&oacute;rio e dever&aacute; entreg&aacute;-lo ao Minist&eacute;rio da Educa&ccedil;&atilde;o na pr&oacute;xima semana. O prazo final &eacute; no dia 19\/08. De acordo com o professor Jos&eacute; Marques de Mello, que preside a Comiss&atilde;o, o grupo s&oacute; espera &hellip; <a href=\"https:\/\/obscom.intervozes.org.br\/?p=23161\" class=\"more-link\">Continue lendo <span class=\"screen-reader-text\">Comiss\u00e3o de jornalismo do MEC deve entregar relat\u00f3rio na pr\u00f3xima semana<\/span> <span class=\"meta-nav\">&rarr;<\/span><\/a><\/p>\n","protected":false},"author":1,"featured_media":0,"comment_status":"open","ping_status":"open","sticky":false,"template":"","format":"standard","meta":{"footnotes":""},"categories":[40],"tags":[978],"_links":{"self":[{"href":"https:\/\/obscom.intervozes.org.br\/index.php?rest_route=\/wp\/v2\/posts\/23161"}],"collection":[{"href":"https:\/\/obscom.intervozes.org.br\/index.php?rest_route=\/wp\/v2\/posts"}],"about":[{"href":"https:\/\/obscom.intervozes.org.br\/index.php?rest_route=\/wp\/v2\/types\/post"}],"author":[{"embeddable":true,"href":"https:\/\/obscom.intervozes.org.br\/index.php?rest_route=\/wp\/v2\/users\/1"}],"replies":[{"embeddable":true,"href":"https:\/\/obscom.intervozes.org.br\/index.php?rest_route=%2Fwp%2Fv2%2Fcomments&post=23161"}],"version-history":[{"count":0,"href":"https:\/\/obscom.intervozes.org.br\/index.php?rest_route=\/wp\/v2\/posts\/23161\/revisions"}],"wp:attachment":[{"href":"https:\/\/obscom.intervozes.org.br\/index.php?rest_route=%2Fwp%2Fv2%2Fmedia&parent=23161"}],"wp:term":[{"taxonomy":"category","embeddable":true,"href":"https:\/\/obscom.intervozes.org.br\/index.php?rest_route=%2Fwp%2Fv2%2Fcategories&post=23161"},{"taxonomy":"post_tag","embeddable":true,"href":"https:\/\/obscom.intervozes.org.br\/index.php?rest_route=%2Fwp%2Fv2%2Ftags&post=23161"}],"curies":[{"name":"wp","href":"https:\/\/api.w.org\/{rel}","templated":true}]}}