{"id":23160,"date":"2009-08-06T16:34:24","date_gmt":"2009-08-06T16:34:24","guid":{"rendered":"https:\/\/obscom.intervozes.org.br\/wordpress\/?p=23160"},"modified":"2009-08-06T16:34:24","modified_gmt":"2009-08-06T16:34:24","slug":"para-oab-decisao-do-stf-sobre-diploma-e-insustentavel","status":"publish","type":"post","link":"https:\/\/obscom.intervozes.org.br\/?p=23160","title":{"rendered":"Para OAB, decis\u00e3o do STF sobre diploma \u00e9 insustent\u00e1vel"},"content":{"rendered":"<p>   \t \t \t \t \t<!-- \t\t@page { margin: 2cm } \t\tP { margin-bottom: 0.21cm } \t--> \t  <\/p>\n<p style=\"margin-bottom: 0cm\" class=\"western padrao\">O presidente da Ordem dos Advogados do Brasil, Cezar Britto, defendeu a exig&ecirc;ncia do diploma para o exerc&iacute;cio do Jornalismo. Em reuni&atilde;o nesta quarta-feira (05\/08) com o deputado federal Paulo Pimenta e com o presidente da Federa&ccedil;&atilde;o Nacional dos Jornalistas, S&eacute;rgio Murillo de Andrade, Britto afirmou que a decis&atilde;o do Supremo Tribunal Federal &eacute; insustent&aacute;vel.<\/p>\n<p>&quot;Do ponto de vista do cumprimento do princ&iacute;pio constitucional a decis&atilde;o n&atilde;o se sustenta. A senten&ccedil;a do Supremo est&aacute; sinalizando que qualquer um brasileiro que se apresente como jornalista pode invocar o sigilo de fonte na Justi&ccedil;a em sua defesa&quot;, afirmou o presidente da OAB.<\/p>\n<p>Na avalia&ccedil;&atilde;o de Pimenta, o STF tomou uma decis&atilde;o equivocada e &ldquo;confundiu o conceito de liberdade de express&atilde;o&rdquo;, o que pode levar a um &ldquo;descr&eacute;dito da profiss&atilde;o&rdquo;. Como forma de mobiliza&ccedil;&atilde;o, o deputado pretende iniciar a &ldquo;Caravana do Diploma&rdquo;, que no dia 17 de cada m&ecirc;s &ndash; a decis&atilde;o do STF foi tomada no dia 17\/06 &#8211; realizar&aacute; atividades em um determinado estado.<\/p>\n","protected":false},"excerpt":{"rendered":"<p>O presidente da Ordem dos Advogados do Brasil, Cezar Britto, defendeu a exig&ecirc;ncia do diploma para o exerc&iacute;cio do Jornalismo. Em reuni&atilde;o nesta quarta-feira (05\/08) com o deputado federal Paulo Pimenta e com o presidente da Federa&ccedil;&atilde;o Nacional dos Jornalistas, S&eacute;rgio Murillo de Andrade, Britto afirmou que a decis&atilde;o do Supremo Tribunal Federal &eacute; insustent&aacute;vel. &hellip; <a href=\"https:\/\/obscom.intervozes.org.br\/?p=23160\" class=\"more-link\">Continue lendo <span class=\"screen-reader-text\">Para OAB, decis\u00e3o do STF sobre diploma \u00e9 insustent\u00e1vel<\/span> <span class=\"meta-nav\">&rarr;<\/span><\/a><\/p>\n","protected":false},"author":1,"featured_media":0,"comment_status":"open","ping_status":"open","sticky":false,"template":"","format":"standard","meta":{"footnotes":""},"categories":[40],"tags":[765],"_links":{"self":[{"href":"https:\/\/obscom.intervozes.org.br\/index.php?rest_route=\/wp\/v2\/posts\/23160"}],"collection":[{"href":"https:\/\/obscom.intervozes.org.br\/index.php?rest_route=\/wp\/v2\/posts"}],"about":[{"href":"https:\/\/obscom.intervozes.org.br\/index.php?rest_route=\/wp\/v2\/types\/post"}],"author":[{"embeddable":true,"href":"https:\/\/obscom.intervozes.org.br\/index.php?rest_route=\/wp\/v2\/users\/1"}],"replies":[{"embeddable":true,"href":"https:\/\/obscom.intervozes.org.br\/index.php?rest_route=%2Fwp%2Fv2%2Fcomments&post=23160"}],"version-history":[{"count":0,"href":"https:\/\/obscom.intervozes.org.br\/index.php?rest_route=\/wp\/v2\/posts\/23160\/revisions"}],"wp:attachment":[{"href":"https:\/\/obscom.intervozes.org.br\/index.php?rest_route=%2Fwp%2Fv2%2Fmedia&parent=23160"}],"wp:term":[{"taxonomy":"category","embeddable":true,"href":"https:\/\/obscom.intervozes.org.br\/index.php?rest_route=%2Fwp%2Fv2%2Fcategories&post=23160"},{"taxonomy":"post_tag","embeddable":true,"href":"https:\/\/obscom.intervozes.org.br\/index.php?rest_route=%2Fwp%2Fv2%2Ftags&post=23160"}],"curies":[{"name":"wp","href":"https:\/\/api.w.org\/{rel}","templated":true}]}}