{"id":23159,"date":"2009-08-06T15:49:11","date_gmt":"2009-08-06T15:49:11","guid":{"rendered":"https:\/\/obscom.intervozes.org.br\/wordpress\/?p=23159"},"modified":"2009-08-06T15:49:11","modified_gmt":"2009-08-06T15:49:11","slug":"pl-29-ainda-tera-ajustes-tecnicos-e-legislativos-antes-da-votacao-na-cdc","status":"publish","type":"post","link":"https:\/\/obscom.intervozes.org.br\/?p=23159","title":{"rendered":"PL-29 ainda ter\u00e1 ajustes t\u00e9cnicos e legislativos antes da vota\u00e7\u00e3o na CDC"},"content":{"rendered":"<p>   \t \t \t \t \t<!-- \t\t@page { margin: 2cm } \t\tP { margin-bottom: 0.21cm } \t--> \t   <\/p>\n<p style=\"margin-bottom: 0cm\" class=\"western padrao padrao\"><u><strong>Reproduzido do Telecom Online<\/strong><\/u><\/p>\n<p>O fim do recesso parlamentar reacende a expectativa em torno da vota&ccedil;&atilde;o do PL 29, o projeto de lei que prev&ecirc; a entrada das teles no mercado de TV paga. A Comiss&atilde;o de Defesa do Consumidor (CDC) teve nesta quarta-feira, 5, a primeira reuni&atilde;o depois da retomada dos trabalhos legislativos, mas ainda n&atilde;o h&aacute; data certa para a vota&ccedil;&atilde;o do projeto.<\/p>\n<p>Para o relator do PL 29, deputado Vital do R&ecirc;go Filho, ainda h&aacute; necessidade de se fazer ajustes t&eacute;cnicos e legislativos ao substitutivo, mas ele acredita na possibilidade de o texto ser votado na CDC ainda em agosto. &ldquo;Tanto eu como a presidente da comiss&atilde;o, deputada Ana Arraes, temos essa inten&ccedil;&atilde;o, pois queremos finalizar esse processo para que possamos dar andamento nos demais assuntos referentes &agrave; defesa do consumidor&rdquo;, informa o parlamentar em post no seu blog.<\/p>\n<p style=\"margin-bottom: 0cm\" class=\"western\"><span class=\"padrao\"><br \/><\/span> <\/p>\n","protected":false},"excerpt":{"rendered":"<p>Reproduzido do Telecom Online O fim do recesso parlamentar reacende a expectativa em torno da vota&ccedil;&atilde;o do PL 29, o projeto de lei que prev&ecirc; a entrada das teles no mercado de TV paga. A Comiss&atilde;o de Defesa do Consumidor (CDC) teve nesta quarta-feira, 5, a primeira reuni&atilde;o depois da retomada dos trabalhos legislativos, mas &hellip; <a href=\"https:\/\/obscom.intervozes.org.br\/?p=23159\" class=\"more-link\">Continue lendo <span class=\"screen-reader-text\">PL-29 ainda ter\u00e1 ajustes t\u00e9cnicos e legislativos antes da vota\u00e7\u00e3o na CDC<\/span> <span class=\"meta-nav\">&rarr;<\/span><\/a><\/p>\n","protected":false},"author":1,"featured_media":0,"comment_status":"open","ping_status":"open","sticky":false,"template":"","format":"standard","meta":{"footnotes":""},"categories":[39],"tags":[],"_links":{"self":[{"href":"https:\/\/obscom.intervozes.org.br\/index.php?rest_route=\/wp\/v2\/posts\/23159"}],"collection":[{"href":"https:\/\/obscom.intervozes.org.br\/index.php?rest_route=\/wp\/v2\/posts"}],"about":[{"href":"https:\/\/obscom.intervozes.org.br\/index.php?rest_route=\/wp\/v2\/types\/post"}],"author":[{"embeddable":true,"href":"https:\/\/obscom.intervozes.org.br\/index.php?rest_route=\/wp\/v2\/users\/1"}],"replies":[{"embeddable":true,"href":"https:\/\/obscom.intervozes.org.br\/index.php?rest_route=%2Fwp%2Fv2%2Fcomments&post=23159"}],"version-history":[{"count":0,"href":"https:\/\/obscom.intervozes.org.br\/index.php?rest_route=\/wp\/v2\/posts\/23159\/revisions"}],"wp:attachment":[{"href":"https:\/\/obscom.intervozes.org.br\/index.php?rest_route=%2Fwp%2Fv2%2Fmedia&parent=23159"}],"wp:term":[{"taxonomy":"category","embeddable":true,"href":"https:\/\/obscom.intervozes.org.br\/index.php?rest_route=%2Fwp%2Fv2%2Fcategories&post=23159"},{"taxonomy":"post_tag","embeddable":true,"href":"https:\/\/obscom.intervozes.org.br\/index.php?rest_route=%2Fwp%2Fv2%2Ftags&post=23159"}],"curies":[{"name":"wp","href":"https:\/\/api.w.org\/{rel}","templated":true}]}}