{"id":23158,"date":"2009-08-05T18:08:24","date_gmt":"2009-08-05T18:08:24","guid":{"rendered":"https:\/\/obscom.intervozes.org.br\/wordpress\/?p=23158"},"modified":"2014-09-07T02:58:38","modified_gmt":"2014-09-07T02:58:38","slug":"empresarios-ganham-mais-uma-semana-para-avaliar-regimento","status":"publish","type":"post","link":"https:\/\/obscom.intervozes.org.br\/?p=23158","title":{"rendered":"Empres\u00e1rios ganham mais uma semana para avaliar regimento"},"content":{"rendered":"<p><!-- \t\t@page { margin: 2cm } \t\tP { margin-bottom: 0.21cm } \t--> \t  <\/p>\n<p style=\"margin-bottom: 0cm\" class=\"western padrao\">A tentativa do governo de acomodar os interesses do empresariado para evitar a sa&iacute;da do setor do processo de organiza&ccedil;&atilde;o e realiza&ccedil;&atilde;o da 1&ordf; Confer&ecirc;ncia Nacional de Comunica&ccedil;&atilde;o (Confecom) atrasar&aacute; em, no m&iacute;nimo, mais uma semana a publica&ccedil;&atilde;o do regimento interno. Em reuni&atilde;o realizada nesta quarta-feira (5) com os ministros H&eacute;lio Costa (Comunica&ccedil;&otilde;es), Franklin Martins (Secretaria de Comunica&ccedil;&atilde;o Social) e Luiz Dulci (Secretaria-Geral da Presid&ecirc;ncia), os representantes dos empres&aacute;rios na Comiss&atilde;o Organizadora Nacional (CON) pediram mais cinco dias para analisar as propostas apresentadas pelo governo para tentar resolver os pontos considerados pol&ecirc;micos do regimento. <\/p>\n<p>Apenas na pr&oacute;xima quinta-feira &eacute; que empres&aacute;rios e governos voltar&atilde;o a se encontrar. At&eacute; l&aacute;, os ministros prometem realizar uma reuni&atilde;o tamb&eacute;m com os representantes da sociedade civil na CON para tentar chegar a uma proposta consensual.<\/p>\n<p>A indefini&ccedil;&atilde;o sobre o regimento da Confecom, que j&aacute; deveria ter sido editado h&aacute; mais de um m&ecirc;s, afeta tanto o desenrolar pol&iacute;tico como a pr&oacute;pria organiza&ccedil;&atilde;o do processo. No regimento, devem estar previstos o n&uacute;mero e a forma de elei&ccedil;&atilde;o de delegados, a divis&atilde;o destas vagas entre os diferentes setores, bem como quais ser&atilde;o os temas abordados pela confer&ecirc;ncia e a forma de discuss&atilde;o das propostas. Sem estas regras, as confer&ecirc;ncias estaduais n&atilde;o podem ser realizadas, sob pena de serem invalidadas como etapas da Confecom. O atraso compromete, inclusive, o calend&aacute;rio previsto pelo decreto que convocou a confer&ecirc;ncia <a href=\"http:\/\/localhost\/intervozes_direitoacomunicacao\/wordpress\/?p=23127\">[saiba mais]<\/a> .<\/p>\n<p>Os ministros H&eacute;lio Costa e Franklin Martins afirmaram, em entrevista concedida ap&oacute;s a reuni&atilde;o, que n&atilde;o h&aacute; previs&atilde;o de mudan&ccedil;as no calend&aacute;rio e que o governo federal garante a realiza&ccedil;&atilde;o da Confecom. Segundo Martins, o problema a ser superado agora &eacute; pol&iacute;tico. Ou seja, o problema &eacute; a manuten&ccedil;&atilde;o do empresariado na Confecom.<\/p>\n<p>Durante a reuni&atilde;o, tr&ecirc;s pontos apresentados pelos empres&aacute;rios como condi&ccedil;&otilde;es &agrave; sua participa&ccedil;&atilde;o na confer&ecirc;ncia foram tratados: o estabelecimento de premissas aos debates da confer&ecirc;ncia, que garantissem a defesa do capital nacional nas comunica&ccedil;&otilde;es e retirassem da pauta temas relacionados &agrave; atualiza&ccedil;&atilde;o dos marcos regulat&oacute;rios da radiodifus&atilde;o; a forma de aprova&ccedil;&atilde;o de propostas dentro da Comiss&atilde;o Organizadora e a divis&atilde;o das vagas de delegados na etapa nacional.<\/p>\n<p>Costa e Martins disseram que os empres&aacute;rios concordaram com a proposta de n&atilde;o estabelecer premissas dentro do regimento e que a confer&ecirc;ncia tenha como premissas os princ&iacute;pios constitucionais para as comunica&ccedil;&otilde;es. &ldquo;Os empres&aacute;rios n&atilde;o estavam entendendo a import&acirc;ncia da confer&ecirc;ncia. N&oacute;s esclarecemos isso&rdquo;, disse Costa.<\/p>\n<p>Sobre a propor&ccedil;&atilde;o dos delegados, a proposta que est&aacute; sobre a mesa e que os empres&aacute;rios ainda ir&atilde;o avaliar &eacute; a divis&atilde;o 40-40-20: 40% para representantes da sociedade civil, 40% para o empresariado e 20% para o governo (em todos os n&iacute;veis). Os empres&aacute;rios vinham defendendo a paridade entre os tr&ecirc;s setores. A proposta do governo n&atilde;o muda substancialmente a quest&atilde;o que est&aacute; no cerne da condi&ccedil;&atilde;o imposta pelo empresariado de entrar na confer&ecirc;ncia em p&eacute; de igualdade com os movimentos sociais.<\/p>\n<p>J&aacute; em rela&ccedil;&atilde;o aos tr&acirc;mites da Comiss&atilde;o Organizadora Nacional, a proposta em quest&atilde;o &eacute; o estabelecimento de um qu&oacute;rum qualificado para a aprova&ccedil;&atilde;o de qualquer medida. At&eacute; agora, os empres&aacute;rios queriam ter direito a veto dentro da CON. Na pr&aacute;tica, com o qu&oacute;rum qualificado, isso segue sendo poss&iacute;vel. Basta que os representantes do setor votem de forma unificada, o que j&aacute; vem acontecendo.<\/p>\n<p>Ainda n&atilde;o h&aacute; data prevista para a reuni&atilde;o entre o governo e os representantes dos movimentos sociais.<br \/><span class=\"padrao\"><br \/><strong>VEJA TAMB&Eacute;M:<\/strong><br \/><\/span> \t \t \t \t<!-- \t\t@page { margin: 2cm } \t\tP { margin-bottom: 0.21cm } \t--> <\/p>\n<ul>\n<li><span class=\"padrao\"><u><a href=\"http:\/\/localhost\/intervozes_direitoacomunicacao\/wordpress\/?p=23165\">&quot;Estamos diante de um problema pol&iacute;tico&quot;, diz Franklin Martins sobre a Confecom&nbsp;<\/a><\/u><\/span><\/li>\n<li class=\"padrao\"><u><a href=\"http:\/\/localhost\/intervozes_direitoacomunicacao\/wordpress\/?p=23166\">Teles, Band e RedeTV! decidem permanecer na Confecom<\/a> <\/u><\/li>\n<\/ul>\n","protected":false},"excerpt":{"rendered":"<p>Ministros e empresariado voltam a se reunir s\u00f3 no dia 13 para tentar chegar a consenso sobre regras da 1\u00aa Confer\u00eancia Nacional de Comunica\u00e7\u00e3o; propostas em discuss\u00e3o aproximam-se de condi\u00e7\u00f5es impostas pelos empres\u00e1rios<\/p>\n","protected":false},"author":1,"featured_media":0,"comment_status":"open","ping_status":"open","sticky":false,"template":"","format":"standard","meta":{"footnotes":""},"categories":[40],"tags":[1012],"_links":{"self":[{"href":"https:\/\/obscom.intervozes.org.br\/index.php?rest_route=\/wp\/v2\/posts\/23158"}],"collection":[{"href":"https:\/\/obscom.intervozes.org.br\/index.php?rest_route=\/wp\/v2\/posts"}],"about":[{"href":"https:\/\/obscom.intervozes.org.br\/index.php?rest_route=\/wp\/v2\/types\/post"}],"author":[{"embeddable":true,"href":"https:\/\/obscom.intervozes.org.br\/index.php?rest_route=\/wp\/v2\/users\/1"}],"replies":[{"embeddable":true,"href":"https:\/\/obscom.intervozes.org.br\/index.php?rest_route=%2Fwp%2Fv2%2Fcomments&post=23158"}],"version-history":[{"count":3,"href":"https:\/\/obscom.intervozes.org.br\/index.php?rest_route=\/wp\/v2\/posts\/23158\/revisions"}],"predecessor-version":[{"id":28037,"href":"https:\/\/obscom.intervozes.org.br\/index.php?rest_route=\/wp\/v2\/posts\/23158\/revisions\/28037"}],"wp:attachment":[{"href":"https:\/\/obscom.intervozes.org.br\/index.php?rest_route=%2Fwp%2Fv2%2Fmedia&parent=23158"}],"wp:term":[{"taxonomy":"category","embeddable":true,"href":"https:\/\/obscom.intervozes.org.br\/index.php?rest_route=%2Fwp%2Fv2%2Fcategories&post=23158"},{"taxonomy":"post_tag","embeddable":true,"href":"https:\/\/obscom.intervozes.org.br\/index.php?rest_route=%2Fwp%2Fv2%2Ftags&post=23158"}],"curies":[{"name":"wp","href":"https:\/\/api.w.org\/{rel}","templated":true}]}}