{"id":23146,"date":"2009-08-03T15:53:25","date_gmt":"2009-08-03T15:53:25","guid":{"rendered":"https:\/\/obscom.intervozes.org.br\/wordpress\/?p=23146"},"modified":"2009-08-03T15:53:25","modified_gmt":"2009-08-03T15:53:25","slug":"estadao-e-censurado-e-nao-pode-publicar-informacoes-sobre-sarney","status":"publish","type":"post","link":"https:\/\/obscom.intervozes.org.br\/?p=23146","title":{"rendered":"Estad\u00e3o \u00e9 censurado e n\u00e3o pode publicar informa\u00e7\u00f5es sobre Sarney"},"content":{"rendered":"<p> \t \t \t \t<!-- \t\t@page { margin: 2cm } \t\tP { margin-bottom: 0.21cm } \t--> \t  <\/p>\n<p style=\"margin-bottom: 0cm\" class=\"western padrao padrao\">Desde a &uacute;ltima sexta-feira (31\/07), o jornal <em>O Estado de S. Paulo <\/em>e o seu portal na Internet est&atilde;o proibidos de publicar reportagens com informa&ccedil;&otilde;es sobre a Opera&ccedil;&atilde;o Faktor, conhecida como Boi Barrica. Em caso de descumprimento, a multa foi ficada em R$ 150 mil para cada mat&eacute;ria publicada.<\/p>\n<p>A a&ccedil;&atilde;o foi apresentada por Fernando Sarney, filho do presidente do Senado, Jos&eacute; Sarney (PMDB-AP). Conversas entre os dois foram gravadas pela Pol&iacute;cia Federal e divulgadas pelo Estad&atilde;o. Com isso, os advogados de Fernando alegam que a divulga&ccedil;&atilde;o do conte&uacute;do das grava&ccedil;&otilde;es atinge a honra, a intimidade, a privacidade, aviltando o direito de personalidade de toda a fam&iacute;lia Sarney.<\/p>\n<p>A liminar foi concedida pelo desembargador D&aacute;cio Vieira, do Tribunal de Justi&ccedil;a do Distrito Federal. Segundo mat&eacute;ria publicada pelo pr&oacute;prio Estad&atilde;o, Vieira foi consultor jur&iacute;dico do Senado e &eacute; do conv&iacute;vio social da fam&iacute;lia Sarney e do ex-diretor-geral da Casa Agaciel Maia, envolvido no esc&acirc;ndalo dos atos secretos.<\/p>\n<p>O advogado do Grupo Estado, em mat&eacute;ria publicada pelo pr&oacute;prio jornal, informa que a empresa vai recorrer da decis&atilde;o. &ldquo;H&aacute; um valor constitucional maior, que &eacute; o da liberdade de imprensa, principalmente quando esta liberdade se d&aacute; em benef&iacute;cio do interesse p&uacute;blico&quot;, afirmou.<\/p>\n<p>Tamb&eacute;m em mat&eacute;ria publicada pelo Estad&atilde;o, o diretor de Conte&uacute;do, Ricardo Gandour, afirmou que a decis&atilde;o judicial n&atilde;o vai afetar a conduta do jornal. &ldquo;O Estado n&atilde;o se intimidar&aacute;, como nunca em sua hist&oacute;ria se intimidou. Respeita os par&acirc;metros da lei, mas utiliza m&eacute;todos jornal&iacute;sticos l&iacute;citos e &eacute;ticos para levar informa&ccedil;&otilde;es de interesse p&uacute;blico &agrave; sociedade&quot;.<\/p>\n<p>Para a Associa&ccedil;&atilde;o Nacional de Jornais, a determina&ccedil;&atilde;o judicial se trata de um &ldquo;expediente inconstitucional (&#8230;) para subtrair ao escrut&iacute;nio p&uacute;blico opera&ccedil;&otilde;es com graves ind&iacute;cios de ilegalidade&rdquo;.<\/p>\n","protected":false},"excerpt":{"rendered":"<p>Desde a &uacute;ltima sexta-feira (31\/07), o jornal O Estado de S. Paulo e o seu portal na Internet est&atilde;o proibidos de publicar reportagens com informa&ccedil;&otilde;es sobre a Opera&ccedil;&atilde;o Faktor, conhecida como Boi Barrica. Em caso de descumprimento, a multa foi ficada em R$ 150 mil para cada mat&eacute;ria publicada. A a&ccedil;&atilde;o foi apresentada por Fernando &hellip; <a href=\"https:\/\/obscom.intervozes.org.br\/?p=23146\" class=\"more-link\">Continue lendo <span class=\"screen-reader-text\">Estad\u00e3o \u00e9 censurado e n\u00e3o pode publicar informa\u00e7\u00f5es sobre Sarney<\/span> <span class=\"meta-nav\">&rarr;<\/span><\/a><\/p>\n","protected":false},"author":1,"featured_media":0,"comment_status":"open","ping_status":"open","sticky":false,"template":"","format":"standard","meta":{"footnotes":""},"categories":[40],"tags":[271],"_links":{"self":[{"href":"https:\/\/obscom.intervozes.org.br\/index.php?rest_route=\/wp\/v2\/posts\/23146"}],"collection":[{"href":"https:\/\/obscom.intervozes.org.br\/index.php?rest_route=\/wp\/v2\/posts"}],"about":[{"href":"https:\/\/obscom.intervozes.org.br\/index.php?rest_route=\/wp\/v2\/types\/post"}],"author":[{"embeddable":true,"href":"https:\/\/obscom.intervozes.org.br\/index.php?rest_route=\/wp\/v2\/users\/1"}],"replies":[{"embeddable":true,"href":"https:\/\/obscom.intervozes.org.br\/index.php?rest_route=%2Fwp%2Fv2%2Fcomments&post=23146"}],"version-history":[{"count":0,"href":"https:\/\/obscom.intervozes.org.br\/index.php?rest_route=\/wp\/v2\/posts\/23146\/revisions"}],"wp:attachment":[{"href":"https:\/\/obscom.intervozes.org.br\/index.php?rest_route=%2Fwp%2Fv2%2Fmedia&parent=23146"}],"wp:term":[{"taxonomy":"category","embeddable":true,"href":"https:\/\/obscom.intervozes.org.br\/index.php?rest_route=%2Fwp%2Fv2%2Fcategories&post=23146"},{"taxonomy":"post_tag","embeddable":true,"href":"https:\/\/obscom.intervozes.org.br\/index.php?rest_route=%2Fwp%2Fv2%2Ftags&post=23146"}],"curies":[{"name":"wp","href":"https:\/\/api.w.org\/{rel}","templated":true}]}}