{"id":23144,"date":"2009-08-03T15:47:10","date_gmt":"2009-08-03T15:47:10","guid":{"rendered":"https:\/\/obscom.intervozes.org.br\/wordpress\/?p=23144"},"modified":"2009-08-03T15:47:10","modified_gmt":"2009-08-03T15:47:10","slug":"novas-regras-para-o-stfc-poderao-ser-deliberadas-em-sessao-publica","status":"publish","type":"post","link":"https:\/\/obscom.intervozes.org.br\/?p=23144","title":{"rendered":"Novas regras para o STFC poder\u00e3o ser deliberadas em sess\u00e3o p\u00fablica"},"content":{"rendered":"<p>   \t \t \t \t \t<!-- \t\t@page { margin: 2cm } \t\tP { margin-bottom: 0.21cm } \t--> \t  <\/p>\n<p style=\"margin-bottom: 0cm\" class=\"western\"><span class=\"padrao\"><a name=\"lblTitulo1\"><\/a><u><strong>Reproduzido do TeleTime News<\/strong><\/u><\/p>\n<p>A an&aacute;lise da Anatel sobre as altera&ccedil;&otilde;es nos contratos de concess&atilde;o das teles fixas e sobre os novos Planos de Metas de Qualidade (PGMQ) e Plano Geral de Metas de Universaliza&ccedil;&atilde;o (PGMU) promete ser pol&ecirc;mica, em fun&ccedil;&atilde;o dos duros coment&aacute;rios recebidos durante a consulta p&uacute;blica. Por essa raz&atilde;o, segundo o embaixador Ronaldo Sardenberg, presidente da Anatel, est&aacute; em an&aacute;lise a possibilidade de que a sess&atilde;o do conselho diretor que tenha esse tema em pauta seja feita de forma p&uacute;blica, a exemplo do que aconteceu durante a decis&atilde;o sobre a mudan&ccedil;a no Plano Geral de Outorgas. <\/p>\n<p>Sardenberg tamb&eacute;m n&atilde;o se disse contr&aacute;rio &agrave; ideia de tornar as sess&otilde;es da Anatel permanentemente p&uacute;blicas, mas repetiu o que j&aacute; disse em outras ocasi&otilde;es: isso implicaria mudan&ccedil;a na regulamenta&ccedil;&atilde;o e no regimento interno da ag&ecirc;ncia. &quot;&Eacute; uma quest&atilde;o que pode ser discutida pelo conselho da ag&ecirc;ncia sem problemas&quot;, disse.<\/p>\n<p><\/span> <\/p>\n","protected":false},"excerpt":{"rendered":"<p>Reproduzido do TeleTime News A an&aacute;lise da Anatel sobre as altera&ccedil;&otilde;es nos contratos de concess&atilde;o das teles fixas e sobre os novos Planos de Metas de Qualidade (PGMQ) e Plano Geral de Metas de Universaliza&ccedil;&atilde;o (PGMU) promete ser pol&ecirc;mica, em fun&ccedil;&atilde;o dos duros coment&aacute;rios recebidos durante a consulta p&uacute;blica. Por essa raz&atilde;o, segundo o embaixador &hellip; <a href=\"https:\/\/obscom.intervozes.org.br\/?p=23144\" class=\"more-link\">Continue lendo <span class=\"screen-reader-text\">Novas regras para o STFC poder\u00e3o ser deliberadas em sess\u00e3o p\u00fablica<\/span> <span class=\"meta-nav\">&rarr;<\/span><\/a><\/p>\n","protected":false},"author":1,"featured_media":0,"comment_status":"open","ping_status":"open","sticky":false,"template":"","format":"standard","meta":{"footnotes":""},"categories":[39],"tags":[],"_links":{"self":[{"href":"https:\/\/obscom.intervozes.org.br\/index.php?rest_route=\/wp\/v2\/posts\/23144"}],"collection":[{"href":"https:\/\/obscom.intervozes.org.br\/index.php?rest_route=\/wp\/v2\/posts"}],"about":[{"href":"https:\/\/obscom.intervozes.org.br\/index.php?rest_route=\/wp\/v2\/types\/post"}],"author":[{"embeddable":true,"href":"https:\/\/obscom.intervozes.org.br\/index.php?rest_route=\/wp\/v2\/users\/1"}],"replies":[{"embeddable":true,"href":"https:\/\/obscom.intervozes.org.br\/index.php?rest_route=%2Fwp%2Fv2%2Fcomments&post=23144"}],"version-history":[{"count":0,"href":"https:\/\/obscom.intervozes.org.br\/index.php?rest_route=\/wp\/v2\/posts\/23144\/revisions"}],"wp:attachment":[{"href":"https:\/\/obscom.intervozes.org.br\/index.php?rest_route=%2Fwp%2Fv2%2Fmedia&parent=23144"}],"wp:term":[{"taxonomy":"category","embeddable":true,"href":"https:\/\/obscom.intervozes.org.br\/index.php?rest_route=%2Fwp%2Fv2%2Fcategories&post=23144"},{"taxonomy":"post_tag","embeddable":true,"href":"https:\/\/obscom.intervozes.org.br\/index.php?rest_route=%2Fwp%2Fv2%2Ftags&post=23144"}],"curies":[{"name":"wp","href":"https:\/\/api.w.org\/{rel}","templated":true}]}}