{"id":23138,"date":"2009-07-31T17:29:23","date_gmt":"2009-07-31T17:29:23","guid":{"rendered":"https:\/\/obscom.intervozes.org.br\/wordpress\/?p=23138"},"modified":"2009-07-31T17:29:23","modified_gmt":"2009-07-31T17:29:23","slug":"devolucao-de-frequencias-da-tv-analogica-preocupa-na-europa-e-no-brasil","status":"publish","type":"post","link":"https:\/\/obscom.intervozes.org.br\/?p=23138","title":{"rendered":"Devolu\u00e7\u00e3o de freq\u00fc\u00eancias da TV anal\u00f3gica preocupa na Europa e no Brasil"},"content":{"rendered":"<p>   \t \t \t \t \t<!-- \t\t@page { margin: 2cm } \t\tP { margin-bottom: 0.21cm } \t--> \t  <\/p>\n<p style=\"margin-bottom: 0cm\" class=\"western padrao padrao\"><em>[T&iacute;tulo original:<a name=\"122d1df5e9201e87_m14329\" title=\"122d1df5e9201e87_m14329\"><\/a> TV digital preocupa Europa e Brasil}<\/em><\/p>\n<p>O documento da Comiss&atilde;o Europeia lan&ccedil;ado para consulta p&uacute;blica na primeira quinzena de julho e que trata do dividendo digital (assim conhecidas as frequ&ecirc;ncias ocupadas pelos sinais de TV anal&oacute;gica) reconhece que, em diferentes pa&iacute;ses europeus, continua a incerteza sobre quando haver&aacute; o completo desligamento (switch-off) dos sinais anal&oacute;gicos, cujo prazo limite acordado seria em 2012.<\/p>\n<p>As d&uacute;vidas sobre o empenho dos governos e da ind&uacute;stria na devolu&ccedil;&atilde;o dessas bandas &eacute; que fizeram a Comiss&atilde;o elaborar a proposta para consulta, que receber&aacute; contribui&ccedil;&otilde;es at&eacute; outubro.<\/p>\n<p>A institui&ccedil;&atilde;o est&aacute; convencida de que, sem o aux&iacute;lio da tecnologia sem-fio, a Europa n&atilde;o consegue cumprir a meta de cobertura de 100% de seu territ&oacute;rio com banda larga entre 2010 e 2013.<\/p>\n<p>Para que os servi&ccedil;os wireless possam cumprir o seu papel, eles precisam de mais banda e, por isso, a press&atilde;o dos comissionados sobre seus governos. Os estados-membros que ainda n&atilde;o se comprometeram com o switch off em 1&ordm; de janeiro de 2012 est&atilde;o sendo convocados a confirmar esta data por meio de leis pr&oacute;prias.<\/p>\n<p>Conforme as contas da comiss&atilde;o, a devolu&ccedil;&atilde;o das frequ&ecirc;ncias, que ser&atilde;o leiloadas para as operadoras de celular, ir&aacute; adicionar &agrave; economia europeia entre 20 a 50 bilh&otilde;es de euros at&eacute; 2015.<\/p>\n<p><strong>Brasil<\/strong><\/p>\n<p>No Brasil, o nosso switch off est&aacute; previsto para 2016. Mas ainda n&atilde;o h&aacute; qualquer defini&ccedil;&atilde;o sobre o servi&ccedil;o que ir&aacute; ocupar a banda devolvida. Os radiodifusores comerciais pressionam para que a faixa de UHF (no nosso caso ela &eacute; a de 700 MHz, na Europa, &eacute; a de 800 MHz) permane&ccedil;a para o setor, enquanto as operadoras de telecom j&aacute; pleiteiam a faixa para tamb&eacute;m ampliar a oferta de banda larga.Esta discuss&atilde;o ainda n&atilde;o est&aacute; consolidada no pa&iacute;s, mas quanto antes ela se firmar, melhor, pois sete anos n&atilde;o s&atilde;o tanto tempo assim.<\/p>\n<p>A transi&ccedil;&atilde;o no Brasil, de renda t&atilde;o baixa, e de t&atilde;o significativa presen&ccedil;a da TV no dia a dia de seus cidad&atilde;os, n&atilde;o ser&aacute; f&aacute;cil. Apesar do entusiasmo dos moradores do Pal&aacute;cio do Planalto ao padr&atilde;o escolhido, o pr&oacute;prio ministro das Comunica&ccedil;&otilde;es H&eacute;lio Costa tem conclamado os radiodifusores a fazerem a sua parte e levar os sinais digitais para mais cidades brasileiras. O movimento parece lento. O governo tamb&eacute;m interferiu na produ&ccedil;&atilde;o dos aparelhos de TV, que, a partir do pr&oacute;ximo ano, passar&atilde;o a trazer os conversores dos sinais anal&oacute;gicos\/digitais incorporados.<\/p>\n<p>A ades&atilde;o dos brasileiros ainda &eacute; inexpressiva. Ningu&eacute;m divulga n&uacute;meros, mas se tomarmos como par&acirc;metro os ricos assinantes das TVs pagas, poucos s&atilde;o aqueles que j&aacute; t&ecirc;m o conversor digital HD em seus lares .<\/p>\n<p>Pelo menos essa &eacute; a raz&atilde;o alegada pela maior operadora de TV por assinatura do pa&iacute;s, a NET Servi&ccedil;os, para oferecer poucos canais em alta defini&ccedil;&atilde;o. E alta defini&ccedil;&atilde;o foi o principal argumento das principais emissoras comerciais brasileiras para n&atilde;o aceitarem a multiprograma&ccedil;&atilde;o.  <\/p>\n","protected":false},"excerpt":{"rendered":"<p>[T&iacute;tulo original: TV digital preocupa Europa e Brasil} O documento da Comiss&atilde;o Europeia lan&ccedil;ado para consulta p&uacute;blica na primeira quinzena de julho e que trata do dividendo digital (assim conhecidas as frequ&ecirc;ncias ocupadas pelos sinais de TV anal&oacute;gica) reconhece que, em diferentes pa&iacute;ses europeus, continua a incerteza sobre quando haver&aacute; o completo desligamento (switch-off) dos &hellip; <a href=\"https:\/\/obscom.intervozes.org.br\/?p=23138\" class=\"more-link\">Continue lendo <span class=\"screen-reader-text\">Devolu\u00e7\u00e3o de freq\u00fc\u00eancias da TV anal\u00f3gica preocupa na Europa e no Brasil<\/span> <span class=\"meta-nav\">&rarr;<\/span><\/a><\/p>\n","protected":false},"author":1,"featured_media":0,"comment_status":"open","ping_status":"open","sticky":false,"template":"","format":"standard","meta":{"footnotes":""},"categories":[40],"tags":[575],"_links":{"self":[{"href":"https:\/\/obscom.intervozes.org.br\/index.php?rest_route=\/wp\/v2\/posts\/23138"}],"collection":[{"href":"https:\/\/obscom.intervozes.org.br\/index.php?rest_route=\/wp\/v2\/posts"}],"about":[{"href":"https:\/\/obscom.intervozes.org.br\/index.php?rest_route=\/wp\/v2\/types\/post"}],"author":[{"embeddable":true,"href":"https:\/\/obscom.intervozes.org.br\/index.php?rest_route=\/wp\/v2\/users\/1"}],"replies":[{"embeddable":true,"href":"https:\/\/obscom.intervozes.org.br\/index.php?rest_route=%2Fwp%2Fv2%2Fcomments&post=23138"}],"version-history":[{"count":0,"href":"https:\/\/obscom.intervozes.org.br\/index.php?rest_route=\/wp\/v2\/posts\/23138\/revisions"}],"wp:attachment":[{"href":"https:\/\/obscom.intervozes.org.br\/index.php?rest_route=%2Fwp%2Fv2%2Fmedia&parent=23138"}],"wp:term":[{"taxonomy":"category","embeddable":true,"href":"https:\/\/obscom.intervozes.org.br\/index.php?rest_route=%2Fwp%2Fv2%2Fcategories&post=23138"},{"taxonomy":"post_tag","embeddable":true,"href":"https:\/\/obscom.intervozes.org.br\/index.php?rest_route=%2Fwp%2Fv2%2Ftags&post=23138"}],"curies":[{"name":"wp","href":"https:\/\/api.w.org\/{rel}","templated":true}]}}