{"id":23137,"date":"2009-07-31T17:23:36","date_gmt":"2009-07-31T17:23:36","guid":{"rendered":"https:\/\/obscom.intervozes.org.br\/wordpress\/?p=23137"},"modified":"2009-07-31T17:23:36","modified_gmt":"2009-07-31T17:23:36","slug":"norma-sobre-controle-de-copias-na-tvd-muda-e-permite-gravacao-mas-com-excecoes","status":"publish","type":"post","link":"https:\/\/obscom.intervozes.org.br\/?p=23137","title":{"rendered":"Norma sobre &#8216;controle de c\u00f3pias&#8217; na TVD muda e permite grava\u00e7\u00e3o, mas com exce\u00e7\u00f5es"},"content":{"rendered":"<p>   \t \t \t \t \t<!-- \t\t@page { margin: 2cm } \t\tP { margin-bottom: 0.21cm } \t--> \t  <\/p>\n<p style=\"margin-bottom: 0cm\" class=\"western padrao\"><u><strong>Reproduzido da coluna Circuito, por Cristina De Luca<\/strong><\/u><\/p>\n<p>Est&aacute; l&aacute;, no site da ABNT-Associa&ccedil;&atilde;o Brasileira de Normas T&eacute;cnicas, entre as novas normas e atualiza&ccedil;&otilde;es publicadas no &uacute;ltimo dia 16 de julho, o documento ABNT NBR 15605-1:2007\/Errata 1, que trata do controle de c&oacute;pias da TV Digital. Ele muda par&aacute;grafos da se&ccedil;&atilde;o 7.3 e 11.3, liberando a grava&ccedil;&atilde;o em alta e baixa defini&ccedil;&atilde;o, a menos que a emissora envie sinaliza&ccedil;&atilde;o de bloqueio de grava&ccedil;&atilde;o daquele conte&uacute;do.<\/p>\n<p>&quot;Na pr&aacute;tica, com base no direito do consumidor e na doutrina de &ldquo;fair use&rdquo;, apenas trocamos o modelo padr&atilde;o de funcionamento&quot;, diz Ana Eliza Faria e Silva, coordenadora do M&oacute;dulo T&eacute;cnico do F&oacute;rum SBTVD. &quot;Antes o padr&atilde;o era, na falta de sinaliza&ccedil;&atilde;o, n&atilde;o permitir a grava&ccedil;&atilde;o do sinal de alta defini&ccedil;&atilde;o. Agora, o padr&atilde;o &eacute; permitir a grava&ccedil;&atilde;o. S&oacute; bloquear quando a emissora sinalizar que aquele conte&uacute;do deve ser bloqueado&quot;, explica.<\/p>\n<p>A mudan&ccedil;a atende aos interesses das emissoras, obrigadas a cumprir formalidades contratuais de restri&ccedil;&atilde;o de uso do conte&uacute;do cujos direitos perten&ccedil;am a terceiros, como nas transmiss&otilde;es de F&oacute;rmula 1 e Copa do Mundo, e tamb&eacute;m aos dos consumidores que tenham adquirido produtos como a terceira gera&ccedil;&atilde;o de televisores LG Time Machine Digital, com sistema DVR (Digital Video Recorder) embutido.  <\/p>\n","protected":false},"excerpt":{"rendered":"<p>Reproduzido da coluna Circuito, por Cristina De Luca Est&aacute; l&aacute;, no site da ABNT-Associa&ccedil;&atilde;o Brasileira de Normas T&eacute;cnicas, entre as novas normas e atualiza&ccedil;&otilde;es publicadas no &uacute;ltimo dia 16 de julho, o documento ABNT NBR 15605-1:2007\/Errata 1, que trata do controle de c&oacute;pias da TV Digital. Ele muda par&aacute;grafos da se&ccedil;&atilde;o 7.3 e 11.3, liberando &hellip; <a href=\"https:\/\/obscom.intervozes.org.br\/?p=23137\" class=\"more-link\">Continue lendo <span class=\"screen-reader-text\">Norma sobre &#8216;controle de c\u00f3pias&#8217; na TVD muda e permite grava\u00e7\u00e3o, mas com exce\u00e7\u00f5es<\/span> <span class=\"meta-nav\">&rarr;<\/span><\/a><\/p>\n","protected":false},"author":1,"featured_media":0,"comment_status":"open","ping_status":"open","sticky":false,"template":"","format":"standard","meta":{"footnotes":""},"categories":[39],"tags":[],"_links":{"self":[{"href":"https:\/\/obscom.intervozes.org.br\/index.php?rest_route=\/wp\/v2\/posts\/23137"}],"collection":[{"href":"https:\/\/obscom.intervozes.org.br\/index.php?rest_route=\/wp\/v2\/posts"}],"about":[{"href":"https:\/\/obscom.intervozes.org.br\/index.php?rest_route=\/wp\/v2\/types\/post"}],"author":[{"embeddable":true,"href":"https:\/\/obscom.intervozes.org.br\/index.php?rest_route=\/wp\/v2\/users\/1"}],"replies":[{"embeddable":true,"href":"https:\/\/obscom.intervozes.org.br\/index.php?rest_route=%2Fwp%2Fv2%2Fcomments&post=23137"}],"version-history":[{"count":0,"href":"https:\/\/obscom.intervozes.org.br\/index.php?rest_route=\/wp\/v2\/posts\/23137\/revisions"}],"wp:attachment":[{"href":"https:\/\/obscom.intervozes.org.br\/index.php?rest_route=%2Fwp%2Fv2%2Fmedia&parent=23137"}],"wp:term":[{"taxonomy":"category","embeddable":true,"href":"https:\/\/obscom.intervozes.org.br\/index.php?rest_route=%2Fwp%2Fv2%2Fcategories&post=23137"},{"taxonomy":"post_tag","embeddable":true,"href":"https:\/\/obscom.intervozes.org.br\/index.php?rest_route=%2Fwp%2Fv2%2Ftags&post=23137"}],"curies":[{"name":"wp","href":"https:\/\/api.w.org\/{rel}","templated":true}]}}