{"id":23135,"date":"2009-07-30T16:47:07","date_gmt":"2009-07-30T16:47:07","guid":{"rendered":"https:\/\/obscom.intervozes.org.br\/wordpress\/?p=23135"},"modified":"2009-07-30T16:47:07","modified_gmt":"2009-07-30T16:47:07","slug":"minicom-amplia-negociacao-com-chile-e-bolivia-para-adocao-do-padrao-da-tv-digital","status":"publish","type":"post","link":"https:\/\/obscom.intervozes.org.br\/?p=23135","title":{"rendered":"Minicom amplia negocia\u00e7\u00e3o com Chile e Bol\u00edvia para ado\u00e7\u00e3o do padr\u00e3o da TV digital"},"content":{"rendered":"<p>   \t \t \t \t \t<!-- \t\t@page { margin: 2cm } \t\tP { margin-bottom: 0.21cm } \t--> \t  <\/p>\n<p style=\"margin-bottom: 0cm\" class=\"western padrao\">O ministro das Comunica&ccedil;&otilde;es, H&eacute;lio Costa, se encontrou hoje com a presidente do Chile, Michelle Bachelet, em S&atilde;o Paulo, para dar continuidade &agrave;s negocia&ccedil;&otilde;es entre os dois pa&iacute;ses para a ado&ccedil;&atilde;o do ISDB-T (Integrated Systems Digital Broadcasting Terrestrial), o padr&atilde;o nipo-brasileiro de TV Digital, pelo Chile.<\/p>\n<p>O ministro recentemente reafirmou a inten&ccedil;&atilde;o de criar um modelo Sul-Americano de Televis&atilde;o Digital, voltado a atender as necessidades dos pa&iacute;ses do Cone-Sul. Em evento no Minist&eacute;rio das Comunica&ccedil;&otilde;es na ter&ccedil;a-feira, 28 de julho, o ministro falou sobre o est&aacute;gio avan&ccedil;ado das negocia&ccedil;&otilde;es no continente. &ldquo;No &acirc;mbito internacional, ap&oacute;s, a op&ccedil;&atilde;o do Peru pelo modelo nipo-brasileiro, espera-se para breve a ado&ccedil;&atilde;o de outros pa&iacute;ses vizinhos. As negocia&ccedil;&otilde;es com Chile, Argentina, Venezuela, Equador e Bol&iacute;via se encontram em est&aacute;gio avan&ccedil;ado&rdquo;, disse.<\/p>\n<p><strong>Bol&iacute;via<\/strong><\/p>\n<p>O secret&aacute;rio de Telecomunica&ccedil;&otilde;es do Minist&eacute;rio das Comunica&ccedil;&otilde;es, Roberto Pinto Martins, est&aacute; na Bol&iacute;via para participar de reuni&otilde;es relacionadas ao ISDB-T (Integrated Systems Digital Broadcasting Terrestrial). A agenda do secret&aacute;rio prev&ecirc; um encontro nesta sexta-feira em La Paz com o presidente boliviano Evo Morales, no &ldquo;Semin&aacute;rio T&eacute;cnico Internacional Est&aacute;ndares de TV Digital&rdquo;.<\/p>\n<p>O representante brasileiro vai divulgar as caracter&iacute;sticas t&eacute;cnicas do ISDB-T, as possibilidades de desenvolvimento e as vantagens da implementa&ccedil;&atilde;o do sistema nipo-brasileiro no pa&iacute;s boliviano. As principais s&atilde;o a recep&ccedil;&atilde;o do sinal de TV em celulares sem custo para o usu&aacute;rio e a n&atilde;o cobran&ccedil;a pelos direitos de uso dos programas utilizados nos aparelhos conversores. No encontro sobre padr&otilde;es de TV digital, o governo boliviano dever&aacute; analisar tamb&eacute;m os sistemas Europeu e Chin&ecirc;s.<\/p>\n<p>No dia 20 de julho, o secret&aacute;rio de Telecomunica&ccedil;&otilde;es esteve em Quito, no Equador, como membro da miss&atilde;o oficial do governo federal de divulga&ccedil;&atilde;o do ISDB-T. No &acirc;mbito internacional, ap&oacute;s a op&ccedil;&atilde;o do Peru pelo modelo nipo-brasileiro, espera-se para breve a ades&atilde;o de outros pa&iacute;ses vizinhos. As negocia&ccedil;&otilde;es com Argentina, Chile, Equador e Venezuela est&atilde;o avan&ccedil;adas. O objetivo do Minist&eacute;rio das Comunica&ccedil;&otilde;es &eacute; estabelecer um Sistema Latino-Americano de Televis&atilde;o Digital. (<em>Da reda&ccedil;&atilde;o, com assessoria de imprensa<\/em>)<\/p>\n","protected":false},"excerpt":{"rendered":"<p>O ministro das Comunica&ccedil;&otilde;es, H&eacute;lio Costa, se encontrou hoje com a presidente do Chile, Michelle Bachelet, em S&atilde;o Paulo, para dar continuidade &agrave;s negocia&ccedil;&otilde;es entre os dois pa&iacute;ses para a ado&ccedil;&atilde;o do ISDB-T (Integrated Systems Digital Broadcasting Terrestrial), o padr&atilde;o nipo-brasileiro de TV Digital, pelo Chile. O ministro recentemente reafirmou a inten&ccedil;&atilde;o de criar um &hellip; <a href=\"https:\/\/obscom.intervozes.org.br\/?p=23135\" class=\"more-link\">Continue lendo <span class=\"screen-reader-text\">Minicom amplia negocia\u00e7\u00e3o com Chile e Bol\u00edvia para ado\u00e7\u00e3o do padr\u00e3o da TV digital<\/span> <span class=\"meta-nav\">&rarr;<\/span><\/a><\/p>\n","protected":false},"author":1,"featured_media":0,"comment_status":"open","ping_status":"open","sticky":false,"template":"","format":"standard","meta":{"footnotes":""},"categories":[40],"tags":[928],"_links":{"self":[{"href":"https:\/\/obscom.intervozes.org.br\/index.php?rest_route=\/wp\/v2\/posts\/23135"}],"collection":[{"href":"https:\/\/obscom.intervozes.org.br\/index.php?rest_route=\/wp\/v2\/posts"}],"about":[{"href":"https:\/\/obscom.intervozes.org.br\/index.php?rest_route=\/wp\/v2\/types\/post"}],"author":[{"embeddable":true,"href":"https:\/\/obscom.intervozes.org.br\/index.php?rest_route=\/wp\/v2\/users\/1"}],"replies":[{"embeddable":true,"href":"https:\/\/obscom.intervozes.org.br\/index.php?rest_route=%2Fwp%2Fv2%2Fcomments&post=23135"}],"version-history":[{"count":0,"href":"https:\/\/obscom.intervozes.org.br\/index.php?rest_route=\/wp\/v2\/posts\/23135\/revisions"}],"wp:attachment":[{"href":"https:\/\/obscom.intervozes.org.br\/index.php?rest_route=%2Fwp%2Fv2%2Fmedia&parent=23135"}],"wp:term":[{"taxonomy":"category","embeddable":true,"href":"https:\/\/obscom.intervozes.org.br\/index.php?rest_route=%2Fwp%2Fv2%2Fcategories&post=23135"},{"taxonomy":"post_tag","embeddable":true,"href":"https:\/\/obscom.intervozes.org.br\/index.php?rest_route=%2Fwp%2Fv2%2Ftags&post=23135"}],"curies":[{"name":"wp","href":"https:\/\/api.w.org\/{rel}","templated":true}]}}