{"id":23130,"date":"2009-07-29T18:21:11","date_gmt":"2009-07-29T18:21:11","guid":{"rendered":"https:\/\/obscom.intervozes.org.br\/wordpress\/?p=23130"},"modified":"2009-07-29T18:21:11","modified_gmt":"2009-07-29T18:21:11","slug":"em-reuniao-no-rio-ministro-da-cultura-diz-que-lei-rouanet-e-perversa-e-pouco-democratica","status":"publish","type":"post","link":"https:\/\/obscom.intervozes.org.br\/?p=23130","title":{"rendered":"Em reuni\u00e3o no Rio, ministro da Cultura diz que Lei Rouanet \u00e9 perversa e pouco democr\u00e1tica"},"content":{"rendered":"<p>   \t \t \t \t \t<!-- \t\t@page { margin: 2cm } \t\tP { margin-bottom: 0.21cm } \t--> \t   <\/p>\n<p style=\"margin-bottom: 0cm\" class=\"western\"><span class=\"padrao\">O ministro da Cultura, Juca Ferreira, afirmou hoje (28), durante reuni&atilde;o com representantes de setores culturais, que considera a Lei Rouanet &ldquo;imperfeita, perversa e pouco democr&aacute;tica&rdquo;, por privilegiar grupos e artistas do eixo Rio-S&atilde;o Paulo, em detrimento de artistas menores da pr&oacute;pria regi&atilde;o e do resto do pa&iacute;s.<\/p>\n<p>Em mais um encontro com representantes do setor cultural das prefeituras de &aacute;reas perif&eacute;ricas, dessa vez na cidade de Mesquita, na Baixada Fluminense, o ministro apresentou as propostas da sua pasta para reformular a Lei Rouanet, de incentivos fiscais &agrave; produ&ccedil;&atilde;o cultural.<\/p>\n<p>A ideia do ministro &eacute; simplificar a burocracia e democratizar o acesso aos recursos do Minist&eacute;rio da Cultura. Al&eacute;m de representantes da prefeitura de Mesquita, participaram do encontro promotores culturais e agentes oficiais de cultura de Belford Roxo, Duque de Caxias, Guapimirim, Itagua&iacute;, Japeri, Mag&eacute;, Nil&oacute;polis, Nova Igua&ccedil;u, Paracambi, Queimados, S&atilde;o Jo&atilde;o de Meriti e Serop&eacute;dica.<\/p>\n<p>Desde meados do ano passado, em diversos encontros pelo pa&iacute;s, o ministro da Cultura vem questionando a Lei Rouanet. Seu p&uacute;blico-alvo tem sido preferencialmente as &aacute;reas de dif&iacute;cil acesso aos mecanismos de financiamento cultural. Esta foi a segunda reuni&atilde;o no Rio de Janeiro.<\/p>\n<p>Nos debates, o Minist&eacute;rio da Cultura procura recolher sugest&otilde;es para aperfei&ccedil;oar a legisla&ccedil;&atilde;o e ampliar mecanismos de arrecada&ccedil;&atilde;o por meio do Programa Brasileiro de Financiamento e Fomento da Cultura.<\/span><\/p>\n","protected":false},"excerpt":{"rendered":"<p>O ministro da Cultura, Juca Ferreira, afirmou hoje (28), durante reuni&atilde;o com representantes de setores culturais, que considera a Lei Rouanet &ldquo;imperfeita, perversa e pouco democr&aacute;tica&rdquo;, por privilegiar grupos e artistas do eixo Rio-S&atilde;o Paulo, em detrimento de artistas menores da pr&oacute;pria regi&atilde;o e do resto do pa&iacute;s. Em mais um encontro com representantes do &hellip; <a href=\"https:\/\/obscom.intervozes.org.br\/?p=23130\" class=\"more-link\">Continue lendo <span class=\"screen-reader-text\">Em reuni\u00e3o no Rio, ministro da Cultura diz que Lei Rouanet \u00e9 perversa e pouco democr\u00e1tica<\/span> <span class=\"meta-nav\">&rarr;<\/span><\/a><\/p>\n","protected":false},"author":1,"featured_media":0,"comment_status":"open","ping_status":"open","sticky":false,"template":"","format":"standard","meta":{"footnotes":""},"categories":[40],"tags":[990],"_links":{"self":[{"href":"https:\/\/obscom.intervozes.org.br\/index.php?rest_route=\/wp\/v2\/posts\/23130"}],"collection":[{"href":"https:\/\/obscom.intervozes.org.br\/index.php?rest_route=\/wp\/v2\/posts"}],"about":[{"href":"https:\/\/obscom.intervozes.org.br\/index.php?rest_route=\/wp\/v2\/types\/post"}],"author":[{"embeddable":true,"href":"https:\/\/obscom.intervozes.org.br\/index.php?rest_route=\/wp\/v2\/users\/1"}],"replies":[{"embeddable":true,"href":"https:\/\/obscom.intervozes.org.br\/index.php?rest_route=%2Fwp%2Fv2%2Fcomments&post=23130"}],"version-history":[{"count":0,"href":"https:\/\/obscom.intervozes.org.br\/index.php?rest_route=\/wp\/v2\/posts\/23130\/revisions"}],"wp:attachment":[{"href":"https:\/\/obscom.intervozes.org.br\/index.php?rest_route=%2Fwp%2Fv2%2Fmedia&parent=23130"}],"wp:term":[{"taxonomy":"category","embeddable":true,"href":"https:\/\/obscom.intervozes.org.br\/index.php?rest_route=%2Fwp%2Fv2%2Fcategories&post=23130"},{"taxonomy":"post_tag","embeddable":true,"href":"https:\/\/obscom.intervozes.org.br\/index.php?rest_route=%2Fwp%2Fv2%2Ftags&post=23130"}],"curies":[{"name":"wp","href":"https:\/\/api.w.org\/{rel}","templated":true}]}}