{"id":23127,"date":"2009-07-29T17:48:29","date_gmt":"2009-07-29T17:48:29","guid":{"rendered":"https:\/\/obscom.intervozes.org.br\/wordpress\/?p=23127"},"modified":"2014-09-07T02:58:35","modified_gmt":"2014-09-07T02:58:35","slug":"atraso-do-regimento-interno-engessa-etapas-estaduais","status":"publish","type":"post","link":"https:\/\/obscom.intervozes.org.br\/?p=23127","title":{"rendered":"Atraso do regimento interno engessa etapas estaduais"},"content":{"rendered":"<p>   \t \t \t \t \t<!-- \t\t@page { margin: 2cm } \t\tP { margin-bottom: 0.21cm } \t--> \t  <\/p>\n<p style=\"margin-bottom: 0cm\" class=\"western padrao\">Tr&ecirc;s estados &ndash; Paran&aacute;, Alagoas e Piau&iacute; &ndash; j&aacute; convocaram suas etapas estaduais da Confer&ecirc;ncia Nacional de Comunica&ccedil;&atilde;o (Confecom) e outros seis est&atilde;o com decretos prontos para serem publicados pelo Executivo estadual. Todos aguardam, entretanto, a publica&ccedil;&atilde;o do regimento interno da Confecom pela Comiss&atilde;o Organizadora Nacional (CON), cuja reda&ccedil;&atilde;o vem sendo protelada por press&atilde;o do empresariado. Sem o regimento, as etapas estaduais n&atilde;o podem ser realizadas sob o risco de que sua forma organiza&ccedil;&atilde;o entre em conflito com as regras previstas no regimento, invalidando tanto as propostas aprovadas por elas como a elei&ccedil;&atilde;o dos delegados.<\/p>\n<p>O calend&aacute;rio para realiza&ccedil;&atilde;o das etapas estaduais e municipais &ndash; at&eacute; 31 de outubro &ndash;, anunciado depois da primeira reuni&atilde;o da CON, h&aacute; tempos est&aacute; amea&ccedil;ado. Cansados da morosidade na aprova&ccedil;&atilde;o do regimento, os governos do Piau&iacute;, Paran&aacute; e de Alagoas publicaram seus decretos e convocaram as etapas estaduais. Nestes casos, os estados ter&atilde;o de aguardar a publica&ccedil;&atilde;o do documento oficial para formarem as comiss&otilde;es organizadoras estaduais, que podem ter sua composi&ccedil;&atilde;o determinada pelo regimento. Sem as comiss&otilde;es, n&atilde;o &eacute; poss&iacute;vel iniciar os procedimentos para organizar de fato as etapas regionais e estaduais. Tamb&eacute;m &eacute; preciso esperar o n&uacute;mero de delegados destinados a cada estado, as regras para sua elei&ccedil;&atilde;o e qual ser&aacute; a divis&atilde;o por segmentos das vagas previstas.<\/p>\n<p>Para Valdice Gomes, presidente do Sindicato dos Jornalistas de Alagoas e membro do Conselho Estadual de Comunica&ccedil;&atilde;o e da Comiss&atilde;o Estadual Pr&oacute;-Confer&ecirc;ncia de Comunica&ccedil;&atilde;o, a situa&ccedil;&atilde;o &eacute; revoltante. &ldquo;Depois de tantos anos de luta para conseguir que o governo convoque a confer&ecirc;ncia, n&atilde;o podemos aceitar que se protele a aprova&ccedil;&atilde;o do regimento&rdquo;, protestou Valdice. &ldquo;O governo de Alagoas publicou o decreto, mas estamos muito atrasados e sem ter como avan&ccedil;ar enquanto n&atilde;o houver as defini&ccedil;&otilde;es previstas pela Comiss&atilde;o Organizadora Nacional. Na pr&oacute;xima reuni&atilde;o da Comiss&atilde;o Estadual, &eacute; poss&iacute;vel que soltemos uma nota de rep&uacute;dio ao constante cancelamento das reuni&otilde;es.&rdquo;<\/p>\n<p><strong>A passos lentos<\/strong><\/p>\n<p>A etapa alagoana foi convocada para os dias 18, 19 e 20 de outubro. No Paran&aacute;, o decreto previu que a etapa estadual ocorra tamb&eacute;m em outubro,nos dias 23, 24 e 25. A etapa do Piau&iacute; foi convocada parae 29,30 e 31 do mesmo m&ecirc;s. Par&aacute;, Rio de Janeiro, Cear&aacute;, Sergipe, Bahia e Esp&iacute;rito Santo est&atilde;o na imin&ecirc;ncia de publicarem seus decretos. Em Sergipe, por exemplo, segundo informa&ccedil;&otilde;es da Comiss&atilde;o Pr&oacute;-Confer&ecirc;ncia do estado apresentadas durante uma videoconfer&ecirc;ncia organizada pela Comiss&atilde;o Nacional Pr&oacute;-Confer&ecirc;ncia (CNPC) na semana passada, o governo alega aguardar somente as defini&ccedil;&otilde;es que vir&atilde;o do regimento interno da nacional para a publica&ccedil;&atilde;o. Situa&ccedil;&atilde;o id&ecirc;ntica &eacute; verificada nos estados do Esp&iacute;rito Santo e do Par&aacute;. <\/p>\n<p>J&aacute; os governos do Rio de Janeiro e do Cear&aacute; anunciaram que, no mais tardar, na pr&oacute;xima semana ir&atilde;o publicar o decreto mesmo sem as defini&ccedil;&otilde;es nacionais. A cidade do Rio de Janeiro por sua vez j&aacute; convocou a etapa referente &agrave; regi&atilde;o metropolitana do munic&iacute;pio, que ser&aacute; em Niter&oacute;i nos dias 28 e 29 de agosto e a Prefeitura de Fortaleza tamb&eacute;m garantiu a realiza&ccedil;&atilde;o da etapa municipal.<\/p>\n<p>A videoconfer&ecirc;ncia que contou com a participa&ccedil;&atilde;o de 18 estados dos 23 mobilizados para confer&ecirc;ncia e a avalia&ccedil;&atilde;o das comiss&otilde;es pr&oacute;-Confer&ecirc;ncia de v&aacute;rios estados &eacute; de que os processos caminham a passos lentos influenciados pela morosidade da CON provocada pelos seguidos impasses e amea&ccedil;as dos empres&aacute;rios de abandonar o processo. <\/p>\n<p>Em Pernambuco, o processo de articula&ccedil;&atilde;o entre o governo do estado e comiss&atilde;o estadual pr&oacute;-confer&ecirc;ncia foi praticamente paralisado por conta da aus&ecirc;ncia nas defini&ccedil;&otilde;es nacionais. Mas o governo j&aacute; demonstrou interesse em realizar a etapa estadual.<\/p>\n<p><strong>Adiamentos seguidos<\/strong><\/p>\n<p>Desde o dia 9 a CON protela a publica&ccedil;&atilde;o do t&atilde;o esperado regimento interno da Confecom. A reuni&atilde;o marcada para essa data e que tinha em sua pauta a aprova&ccedil;&atilde;o do regimento pelos membros da CON foi desmarcada a pedido dos ministros Franklin Martins (Secretaria de Comunica&ccedil;&atilde;o da Presid&ecirc;ncia) e Lu&iacute;s Dulci (Secretaria Geral da Presid&ecirc;ncia). Realizada na semana passada, no dia 22, a reuni&atilde;o n&atilde;o contou com a presen&ccedil;a dos empres&aacute;rios e, por esta raz&atilde;o, optou-se por n&atilde;o aprovar o regimento <a href=\"http:\/\/localhost\/intervozes_direitoacomunicacao\/wordpress\/?p=23099\">[saiba mais]<\/a>  . Um indicativo para que a pr&oacute;xima reuni&atilde;o fosse realizada no dia 28 foi aprovado pela CON, contudo a reuni&atilde;o n&atilde;o foi convocada pelo Minist&eacute;rio das Comunica&ccedil;&otilde;es e ainda n&atilde;o h&aacute; data prevista para sua realiza&ccedil;&atilde;o <a href=\"http:\/\/localhost\/intervozes_direitoacomunicacao\/wordpress\/?p=23113\">[saiba mais]<\/a>  .<\/p>\n<p>Ao&nbsp; notici&aacute;rio especializado <em>TeleTime<\/em>, o ministro das Comunica&ccedil;&otilde;es, H&eacute;lio Costa, confirmou para o pr&oacute;ximo dia 5 de agosto a realiza&ccedil;&atilde;o de uma reuni&atilde;o entre os representantes dos empres&aacute;rios na CON e os tr&ecirc;s ministros diretamente envolvidos na organiza&ccedil;&atilde;o da Confecom (al&eacute;m de Costa, Martins e Dulci). O encontro foi solicitado pelos empres&aacute;rios e &eacute; muito prov&aacute;vel que nada se resolva at&eacute; l&aacute;.<\/p>\n<p>Segundo Valdice Gomes, da Comiss&atilde;o Estadual Pr&oacute;-Confer&ecirc;ncia de Comunica&ccedil;&atilde;o em Alagoas, &eacute; inaceit&aacute;vel ver o governo ceder &agrave; press&atilde;o do empresariado. &ldquo;&Eacute; uma falta de responsabilidade do empresariado com a Confecom e o governo est&aacute; infelizmente cedendo a esta press&atilde;o. Se o empresariado n&atilde;o est&aacute; querendo ir &agrave; reuni&atilde;o, tudo bem. Mas o governo cancelar a aprova&ccedil;&atilde;o do regimento por conta disso &eacute; inaceit&aacute;vel&rdquo;, lamenta.<\/p>\n<p style=\"margin-bottom: 0cm\" class=\"western\"><span class=\"padrao\"><br \/><\/span> <\/p>\n","protected":false},"excerpt":{"rendered":"<p>Sem regras para organiza\u00e7\u00e3o dos debates e elei\u00e7\u00e3o de delegados, estados n\u00e3o podem iniciar processos; PR, AL e PI j\u00e1 convocaram confer\u00eancias e outros seis estados aguardam para publicar decretos<\/p>\n","protected":false},"author":1,"featured_media":0,"comment_status":"open","ping_status":"open","sticky":false,"template":"","format":"standard","meta":{"footnotes":""},"categories":[40],"tags":[1012],"_links":{"self":[{"href":"https:\/\/obscom.intervozes.org.br\/index.php?rest_route=\/wp\/v2\/posts\/23127"}],"collection":[{"href":"https:\/\/obscom.intervozes.org.br\/index.php?rest_route=\/wp\/v2\/posts"}],"about":[{"href":"https:\/\/obscom.intervozes.org.br\/index.php?rest_route=\/wp\/v2\/types\/post"}],"author":[{"embeddable":true,"href":"https:\/\/obscom.intervozes.org.br\/index.php?rest_route=\/wp\/v2\/users\/1"}],"replies":[{"embeddable":true,"href":"https:\/\/obscom.intervozes.org.br\/index.php?rest_route=%2Fwp%2Fv2%2Fcomments&post=23127"}],"version-history":[{"count":2,"href":"https:\/\/obscom.intervozes.org.br\/index.php?rest_route=\/wp\/v2\/posts\/23127\/revisions"}],"predecessor-version":[{"id":28034,"href":"https:\/\/obscom.intervozes.org.br\/index.php?rest_route=\/wp\/v2\/posts\/23127\/revisions\/28034"}],"wp:attachment":[{"href":"https:\/\/obscom.intervozes.org.br\/index.php?rest_route=%2Fwp%2Fv2%2Fmedia&parent=23127"}],"wp:term":[{"taxonomy":"category","embeddable":true,"href":"https:\/\/obscom.intervozes.org.br\/index.php?rest_route=%2Fwp%2Fv2%2Fcategories&post=23127"},{"taxonomy":"post_tag","embeddable":true,"href":"https:\/\/obscom.intervozes.org.br\/index.php?rest_route=%2Fwp%2Fv2%2Ftags&post=23127"}],"curies":[{"name":"wp","href":"https:\/\/api.w.org\/{rel}","templated":true}]}}