{"id":23121,"date":"2009-07-28T15:46:47","date_gmt":"2009-07-28T15:46:47","guid":{"rendered":"https:\/\/obscom.intervozes.org.br\/wordpress\/?p=23121"},"modified":"2009-07-28T15:46:47","modified_gmt":"2009-07-28T15:46:47","slug":"oferta-de-emprego-em-telecom-tem-forte-queda-apos-privatizacao","status":"publish","type":"post","link":"https:\/\/obscom.intervozes.org.br\/?p=23121","title":{"rendered":"Oferta de emprego em telecom tem forte queda ap\u00f3s privatiza\u00e7\u00e3o"},"content":{"rendered":"<p>   \t \t \t \t \t<!-- \t\t@page { margin: 2cm } \t\tP { margin-bottom: 0.21cm } \t--> \t   <\/p>\n<p style=\"margin-bottom: 0cm\" class=\"western padrao\"><span class=\"padrao\">Passados dez anos do processo de finaliza&ccedil;&atilde;o da privatiza&ccedil;&atilde;o do setor de telecomunica&ccedil;&otilde;es, conclu&iacute;do em 1998, as empresas empregam menos trabalhadores do que no per&iacute;odo em que estavam sob o regime estatal. &Eacute; o que aponta estudo realizado pelo Departamento Intersindical de Estat&iacute;stica e Estudos Socioecon&ocirc;micos (Dieese), com base em dados da Rela&ccedil;&atilde;o Anual de Informa&ccedil;&otilde;es Sociais (Rais), do Minist&eacute;rio do Trabalho e Emprego. <\/p>\n<p>No trabalho, denominado &quot;O Emprego no Setor de Telecomunica&ccedil;&otilde;es ap&oacute;s a Privatiza&ccedil;&atilde;o&quot;, o Dieese analisou dois per&iacute;odos: de 1994 a 2005 e de 2006 a 2007. Nos primeiros quatro anos, foi constatada queda de 16% nas vagas, o que &eacute; justificado pela prepara&ccedil;&atilde;o da transfer&ecirc;ncia do setor p&uacute;blico para o privado, conclu&iacute;do em 1997. <\/p>\n<p>Nesse per&iacute;odo, ocorreram tanto os programas de demiss&atilde;o volunt&aacute;ria (PDVs) quanto a terceiriza&ccedil;&atilde;o de servi&ccedil;os, entre as quais est&atilde;o as &aacute;reas de vigil&acirc;ncia e limpeza. De 1999 at&eacute; 2005, ocorreram quatro baixas seguidas com o pior resultado, em 2003, quando o n&uacute;mero recuou para 88,1 mil postos de trabalho formais, ante 106,4 mil em 2002 e 128,5 mil, em 1994. Em 2005 houve uma recupera&ccedil;&atilde;o, subindo para 118,1 mil empregos, mas ainda assim 8,1% inferior ao maior volume da s&eacute;rie hist&oacute;rica (1994). <\/p>\n<p>Al&eacute;m disso, o estudo aponta tamb&eacute;m que houve mudan&ccedil;as no perfil de contrata&ccedil;&otilde;es, com um aumento da participa&ccedil;&atilde;o da m&atilde;o-de-obra feminina e de absor&ccedil;&atilde;o de trabalhadores com curso superior. Em 1997, o total de empregados no setor somava 34,7%, percentual que pulou para 41,1%, em 2005. Em 2007, 63% dos cargos eram ocupados por homens e 37% por mulheres. <\/p>\n<p>A pesquisa tamb&eacute;m constatou a prefer&ecirc;ncia por candidatos mais jovens. O preenchimento de vagas na faixa at&eacute; 24 anos, que atingia 10,8% em 1997, subiu para 23,8% em 2005, com idade m&eacute;dia do quadro de pessoal passando de 37,6 anos para 31,9 anos. Segundo o relat&oacute;rio, em 2007, predominava a faixa entre 25 e 39 anos. <\/p>\n<p>Quanto ao n&iacute;vel de escolaridade, 19,8% dos aprovados nos testes de sele&ccedil;&atilde;o em 1997 tinham o conclu&iacute;do o ensino superior. J&aacute; oito anos depois, em 2005, esse universo aumentou para 35,2%. No entanto, em 2007 as ocupa&ccedil;&otilde;es mais representativas do setor n&atilde;o exigiram que o trabalhador tivesse n&iacute;vel superior de escolaridade. A procura maior foi para as fun&ccedil;&otilde;es de escritur&aacute;rios, agentes, assistentes e auxiliares administrativos (13%, seguido de t&eacute;cnicos em telecomunica&ccedil;&otilde;es (13%) e operadores de telemarketing (11%). <\/p>\n<p>Os sal&aacute;rios m&eacute;dios pagos n&atilde;o acompanharam essa evolu&ccedil;&atilde;o, conforme o estudo. Nos primeiros anos da s&eacute;rie a remunera&ccedil;&atilde;o alcan&ccedil;ava a m&eacute;dia de R$ 3,1 mil mensais, valor que caiu para R$ 2.757, em dezembro de 2007, ano em que o total de empregados somou 123 mil pessoas. Entre 2006 e 2007 aumentou em 53% o total de empregados com baixa remunera&ccedil;&atilde;o, que varia entre um e dois sal&aacute;rios m&iacute;nimos. <\/p>\n<p>Apesar de indicar um movimento de recupera&ccedil;&atilde;o no emprego, a partir de 2003, o estudo revela ainda que as ofertas ficaram concentradas na regi&atilde;o Sudeste (69%), com quase a metade das contrata&ccedil;&otilde;es (45%) realizadas em S&atilde;o Paulo e 17% no Rio de Janeiro. No Sul do pa&iacute;s foram identificadas 14% das vagas; no Nordeste, 8%, e no Norte, 2%. <\/p>\n<p><em>*Com informa&ccedil;&otilde;es da Ag&ecirc;ncia Brasil.<\/em><\/span><\/p>\n","protected":false},"excerpt":{"rendered":"<p>Passados dez anos do processo de finaliza&ccedil;&atilde;o da privatiza&ccedil;&atilde;o do setor de telecomunica&ccedil;&otilde;es, conclu&iacute;do em 1998, as empresas empregam menos trabalhadores do que no per&iacute;odo em que estavam sob o regime estatal. &Eacute; o que aponta estudo realizado pelo Departamento Intersindical de Estat&iacute;stica e Estudos Socioecon&ocirc;micos (Dieese), com base em dados da Rela&ccedil;&atilde;o Anual de &hellip; <a href=\"https:\/\/obscom.intervozes.org.br\/?p=23121\" class=\"more-link\">Continue lendo <span class=\"screen-reader-text\">Oferta de emprego em telecom tem forte queda ap\u00f3s privatiza\u00e7\u00e3o<\/span> <span class=\"meta-nav\">&rarr;<\/span><\/a><\/p>\n","protected":false},"author":1,"featured_media":0,"comment_status":"open","ping_status":"open","sticky":false,"template":"","format":"standard","meta":{"footnotes":""},"categories":[40],"tags":[1075],"_links":{"self":[{"href":"https:\/\/obscom.intervozes.org.br\/index.php?rest_route=\/wp\/v2\/posts\/23121"}],"collection":[{"href":"https:\/\/obscom.intervozes.org.br\/index.php?rest_route=\/wp\/v2\/posts"}],"about":[{"href":"https:\/\/obscom.intervozes.org.br\/index.php?rest_route=\/wp\/v2\/types\/post"}],"author":[{"embeddable":true,"href":"https:\/\/obscom.intervozes.org.br\/index.php?rest_route=\/wp\/v2\/users\/1"}],"replies":[{"embeddable":true,"href":"https:\/\/obscom.intervozes.org.br\/index.php?rest_route=%2Fwp%2Fv2%2Fcomments&post=23121"}],"version-history":[{"count":0,"href":"https:\/\/obscom.intervozes.org.br\/index.php?rest_route=\/wp\/v2\/posts\/23121\/revisions"}],"wp:attachment":[{"href":"https:\/\/obscom.intervozes.org.br\/index.php?rest_route=%2Fwp%2Fv2%2Fmedia&parent=23121"}],"wp:term":[{"taxonomy":"category","embeddable":true,"href":"https:\/\/obscom.intervozes.org.br\/index.php?rest_route=%2Fwp%2Fv2%2Fcategories&post=23121"},{"taxonomy":"post_tag","embeddable":true,"href":"https:\/\/obscom.intervozes.org.br\/index.php?rest_route=%2Fwp%2Fv2%2Ftags&post=23121"}],"curies":[{"name":"wp","href":"https:\/\/api.w.org\/{rel}","templated":true}]}}