{"id":23116,"date":"2009-07-28T11:50:10","date_gmt":"2009-07-28T11:50:10","guid":{"rendered":"https:\/\/obscom.intervozes.org.br\/wordpress\/?p=23116"},"modified":"2009-07-28T11:50:10","modified_gmt":"2009-07-28T11:50:10","slug":"rede-publica-do-para-comeca-a-ofertar-servicos-de-voip","status":"publish","type":"post","link":"https:\/\/obscom.intervozes.org.br\/?p=23116","title":{"rendered":"Rede p\u00fablica do Par\u00e1 come\u00e7a a ofertar servi\u00e7os de VoIP"},"content":{"rendered":"<p> \t<!-- \t\t@page { margin: 2cm } \t\tP { margin-bottom: 0.21cm } \t--> \t <\/p>\n<p style=\"margin-bottom: 0cm\" class=\"western padrao\">O governo do Par&aacute; concluiu a infraestrutura de telecomunica&ccedil;&otilde;es da infovia do Estado e iniciou a segunda etapa, a da oferta de servi&ccedil;os em cima da rede. A Empresa de Processamentos de Dados do Par&aacute; (Prodepa) assinou cinco contratos para a implanta&ccedil;&atilde;o do sistema VoIP e o planejamento prev&ecirc; atender, at&eacute; o final do ano, todas as secretarias e demais &oacute;rg&atilde;os estaduais com o sistema Navegafone, que permite o tr&aacute;fego de voz pelo computador e a comunica&ccedil;&atilde;o telef&ocirc;nica entre os &oacute;rg&atilde;os p&uacute;blicos a custo zero. Nessa primeira etapa foram contemplados a Secretaria de Estado de Desenvolvimento, Ci&ecirc;ncia e Tecnologia, a Universidade do Estado do Par&aacute;, a Funda&ccedil;&atilde;o de Amparo &agrave; Pesquisa do Estado do Par&aacute; e o Instituto de Gemas e J&oacute;ias da Amaz&ocirc;nia, organiza&ccedil;&atilde;o social que administra o P&oacute;lo Joalheiro. No total, 350 ramais est&atilde;o operando com a tecnologia VoIP. Com a conclus&atilde;o do projeto, o Estado estima redu&ccedil;&atilde;o de 70% nos gastos do governo em liga&ccedil;&otilde;es fixas e m&oacute;veis, que hoje consomem&nbsp; R$ 30 milh&otilde;es por ano.<\/p>\n<p>O Navegafone &eacute; vinculado ao programa Navegapar&aacute;, criado para atender os &oacute;rg&atilde;os estaduais com servi&ccedil;os de telecomunica&ccedil;&otilde;es e implementar programas de inclus&atilde;o digital no Estado. O projeto inclui uma rede p&uacute;blica com 1,800 km de fibra &oacute;ptica (implementada em parceria com a Eletronorte e que atende 16 munic&iacute;pios do interior), e a Rede de Alta Velocidade da RNP\/MCT, que foi ampliada pelo governo do Par&aacute; e ganhou o nome de Metrobel (Rede Metropolitana de Bel&eacute;m). A velocidade de transmiss&atilde;o na rede p&uacute;blica do Par&aacute; vai de 1Giga (m&iacute;nimo) a 6 Mbps.<\/p>\n<p>&quot;Toda infra-estrutura est&aacute; em funcionamento e come&ccedil;amos a colocar servi&ccedil;os em cima da rede&quot;, informa Cl&aacute;udio Alex Rocha, diretor de suporte computacional da Prodepa, empresa respons&aacute;vel pelo gerenciamento do servi&ccedil;o. Na capital, j&aacute; est&aacute; em funcionamento tamb&eacute;m servi&ccedil;os de videoconfer&ecirc;ncia para capacita&ccedil;&atilde;o de alunos da Universidade do Estado do Par&aacute; na &aacute;rea de sa&uacute;de; e 45 c&acirc;meras com tecnologia IP para monitoramento.<\/p>\n","protected":false},"excerpt":{"rendered":"<p>O governo do Par&aacute; concluiu a infraestrutura de telecomunica&ccedil;&otilde;es da infovia do Estado e iniciou a segunda etapa, a da oferta de servi&ccedil;os em cima da rede. A Empresa de Processamentos de Dados do Par&aacute; (Prodepa) assinou cinco contratos para a implanta&ccedil;&atilde;o do sistema VoIP e o planejamento prev&ecirc; atender, at&eacute; o final do ano, &hellip; <a href=\"https:\/\/obscom.intervozes.org.br\/?p=23116\" class=\"more-link\">Continue lendo <span class=\"screen-reader-text\">Rede p\u00fablica do Par\u00e1 come\u00e7a a ofertar servi\u00e7os de VoIP<\/span> <span class=\"meta-nav\">&rarr;<\/span><\/a><\/p>\n","protected":false},"author":1,"featured_media":0,"comment_status":"open","ping_status":"open","sticky":false,"template":"","format":"standard","meta":{"footnotes":""},"categories":[40],"tags":[1072],"_links":{"self":[{"href":"https:\/\/obscom.intervozes.org.br\/index.php?rest_route=\/wp\/v2\/posts\/23116"}],"collection":[{"href":"https:\/\/obscom.intervozes.org.br\/index.php?rest_route=\/wp\/v2\/posts"}],"about":[{"href":"https:\/\/obscom.intervozes.org.br\/index.php?rest_route=\/wp\/v2\/types\/post"}],"author":[{"embeddable":true,"href":"https:\/\/obscom.intervozes.org.br\/index.php?rest_route=\/wp\/v2\/users\/1"}],"replies":[{"embeddable":true,"href":"https:\/\/obscom.intervozes.org.br\/index.php?rest_route=%2Fwp%2Fv2%2Fcomments&post=23116"}],"version-history":[{"count":0,"href":"https:\/\/obscom.intervozes.org.br\/index.php?rest_route=\/wp\/v2\/posts\/23116\/revisions"}],"wp:attachment":[{"href":"https:\/\/obscom.intervozes.org.br\/index.php?rest_route=%2Fwp%2Fv2%2Fmedia&parent=23116"}],"wp:term":[{"taxonomy":"category","embeddable":true,"href":"https:\/\/obscom.intervozes.org.br\/index.php?rest_route=%2Fwp%2Fv2%2Fcategories&post=23116"},{"taxonomy":"post_tag","embeddable":true,"href":"https:\/\/obscom.intervozes.org.br\/index.php?rest_route=%2Fwp%2Fv2%2Ftags&post=23116"}],"curies":[{"name":"wp","href":"https:\/\/api.w.org\/{rel}","templated":true}]}}