{"id":23114,"date":"2009-07-27T17:35:41","date_gmt":"2009-07-27T17:35:41","guid":{"rendered":"https:\/\/obscom.intervozes.org.br\/wordpress\/?p=23114"},"modified":"2009-07-27T17:35:41","modified_gmt":"2009-07-27T17:35:41","slug":"ministerio-das-comunicacoes-recebe-200-solicitacoes-por-dia-sobre-concessoes-de-radio-e-tv","status":"publish","type":"post","link":"https:\/\/obscom.intervozes.org.br\/?p=23114","title":{"rendered":"Minist\u00e9rio das Comunica\u00e7\u00f5es recebe 200 solicita\u00e7\u00f5es por dia sobre concess\u00f5es de r\u00e1dio e TV"},"content":{"rendered":"<p> \t \t \t \t<!-- \t\t@page { margin: 2cm } \t\tP { margin-bottom: 0.21cm } \t--> \t  <\/p>\n<p style=\"margin-bottom: 0cm\" class=\"western padrao\"><em>[T&iacute;tulo original: Minicom recebe 200 novos processos por dia]<\/em><\/p>\n<p style=\"margin-bottom: 0cm\" class=\"western padrao\">O Minist&eacute;rio das Comunica&ccedil;&otilde;es (Minicom) recebeu uma m&eacute;dia de 200 processos por dia ligados &agrave; concess&atilde;o de emissoras de radiodifus&atilde;o nos &uacute;ltimos quatro anos. <\/p>\n<p>Os n&uacute;meros s&atilde;o de uma pesquisa realizada pela Associa&ccedil;&atilde;o Brasileira de Emissoras de R&aacute;dio e Televis&atilde;o (Abert) junto com as emissoras associadas e com base em dados da Ag&ecirc;ncia Nacional de Telecomunica&ccedil;&otilde;es (Anatel). <\/p>\n<p>Entre as afiliadas &agrave; Abert, a grande queixa das emissoras de R&aacute;dio se refere a quest&otilde;es administrativas, como defini&ccedil;&atilde;o do dono da outorga e renova&ccedil;&atilde;o, que correspondem a 57% dos processos em andamento no Minicom. J&aacute; para as emissoras de TV, quest&otilde;es t&eacute;cnicas e de engenharia lideram o ranking de processos, 79%. <\/p>\n<p>Nos &uacute;ltimos anos, o n&uacute;mero de emissoras de radiodifus&atilde;o cresceu de forma intensa no pa&iacute;s. S&oacute; o segmento da televis&atilde;o aberta cresceu mais de 120% desde 2002 (veja hist&oacute;rico abaixo). <\/p>\n<p>Esta evolu&ccedil;&atilde;o, no entanto, n&atilde;o foi acompanhada do respectivo incremento no quadro de funcion&aacute;rios do Minicom, que n&atilde;o consegue lidar com a demanda e prolonga a tramita&ccedil;&atilde;o de processos por mais de uma d&eacute;cada. <\/p>\n<p>O atual quadro de servidores permanentes do Minist&eacute;rio representa menos da metade do existente em 2002, agravando o ac&uacute;mulo de processos paralisados. <br \/>Em m&eacute;dia, o tr&acirc;mite de renova&ccedil;&atilde;o de outorga de uma emissora de televis&atilde;o dura quatro anos, prazo que chega a seis anos no caso das emissoras de R&aacute;dio &eacute; de 6 anos. Entre as emissoras de TV associadas &agrave; Abert, 17% dos processos pendentes no Minist&eacute;rio foram protocolados antes de 2000. <\/p>\n<p>A demora na tramita&ccedil;&atilde;o dos processos se deve, em grande parte, ao desmonte das Delegacias Regionais de Atendimento do Minicom, na d&eacute;cada de 90. <\/p>\n<p>Esse processo de desestrutura&ccedil;&atilde;o levou &agrave; centraliza&ccedil;&atilde;o das decis&otilde;es na sede do Minist&eacute;rio, em Bras&iacute;lia, e na perda de agilidade da Secretaria de Servi&ccedil;os de Comunica&ccedil;&atilde;o Eletr&ocirc;nica, respons&aacute;vel pela an&aacute;lise dos processos. <\/p>\n<p>De acordo o Minicom, 40 mil processos foram transferidos para a sede do Minist&eacute;rio com o fechamento das delegacias regionais. <\/p>\n<p>O Minicom promete reabrir os escrit&oacute;rios regionais de atendimento at&eacute; o pr&oacute;ximo ano. Segundo o ministro da pasta, H&eacute;lio Costa, a reabertura das delegacias regionais &eacute; uma forma de dar agilidade ao grande volume de processos. <\/p>\n<p>&quot;A reinstala&ccedil;&atilde;o das delegacias j&aacute; foi aprovada, mas ainda n&atilde;o h&aacute; verba suficiente para a estrutura necess&aacute;ria&quot;, conta o ministro. Rio de Janeiro, S&atilde;o Paulo, Belo Horizonte e Curitiba ser&atilde;o as primeiras cidades a receber as novas as delegacias regionais. <\/p>\n<p>O Minicom afirma que vai aproveitar o quadro de servidores que foram colocados &agrave; disposi&ccedil;&atilde;o da Empresa Brasileira de Correios e Tel&eacute;grafos (ECT) para atuar nessas localidades.<\/p>\n<p><strong>Hist&oacute;rico<\/strong> <br \/>Emissoras de R&aacute;dio AM &#8211; 1.597 (2002) &#8211; 2.763 (2009) &#8211; Evolu&ccedil;&atilde;o de 73% &#8211; 758 (associados da Abert) <\/p>\n<p>Emissoras de R&aacute;dio FM &#8211; 1.443 (2002) &#8211; 2.052 (2009) &#8211; Evolu&ccedil;&atilde;o de 42% &#8211; 852 (associados da Abert) <\/p>\n<p>Emissoras de Televis&atilde;o &#8211; 254 (2002) &#8211; 566 (2009) &#8211; Evolu&ccedil;&atilde;o de 123% &#8211; 162 (associados da Abert) <\/p>\n<p>Emissoras de R&aacute;dio Comunit&aacute;ria &#8211; 1.832 (2002) &#8211; 3.742 (2009) &#8211; Evolu&ccedil;&atilde;o de 104%  <\/p>\n","protected":false},"excerpt":{"rendered":"<p>[T&iacute;tulo original: Minicom recebe 200 novos processos por dia] O Minist&eacute;rio das Comunica&ccedil;&otilde;es (Minicom) recebeu uma m&eacute;dia de 200 processos por dia ligados &agrave; concess&atilde;o de emissoras de radiodifus&atilde;o nos &uacute;ltimos quatro anos. Os n&uacute;meros s&atilde;o de uma pesquisa realizada pela Associa&ccedil;&atilde;o Brasileira de Emissoras de R&aacute;dio e Televis&atilde;o (Abert) junto com as emissoras associadas &hellip; <a href=\"https:\/\/obscom.intervozes.org.br\/?p=23114\" class=\"more-link\">Continue lendo <span class=\"screen-reader-text\">Minist\u00e9rio das Comunica\u00e7\u00f5es recebe 200 solicita\u00e7\u00f5es por dia sobre concess\u00f5es de r\u00e1dio e TV<\/span> <span class=\"meta-nav\">&rarr;<\/span><\/a><\/p>\n","protected":false},"author":1,"featured_media":0,"comment_status":"open","ping_status":"open","sticky":false,"template":"","format":"standard","meta":{"footnotes":""},"categories":[40],"tags":[1071],"_links":{"self":[{"href":"https:\/\/obscom.intervozes.org.br\/index.php?rest_route=\/wp\/v2\/posts\/23114"}],"collection":[{"href":"https:\/\/obscom.intervozes.org.br\/index.php?rest_route=\/wp\/v2\/posts"}],"about":[{"href":"https:\/\/obscom.intervozes.org.br\/index.php?rest_route=\/wp\/v2\/types\/post"}],"author":[{"embeddable":true,"href":"https:\/\/obscom.intervozes.org.br\/index.php?rest_route=\/wp\/v2\/users\/1"}],"replies":[{"embeddable":true,"href":"https:\/\/obscom.intervozes.org.br\/index.php?rest_route=%2Fwp%2Fv2%2Fcomments&post=23114"}],"version-history":[{"count":0,"href":"https:\/\/obscom.intervozes.org.br\/index.php?rest_route=\/wp\/v2\/posts\/23114\/revisions"}],"wp:attachment":[{"href":"https:\/\/obscom.intervozes.org.br\/index.php?rest_route=%2Fwp%2Fv2%2Fmedia&parent=23114"}],"wp:term":[{"taxonomy":"category","embeddable":true,"href":"https:\/\/obscom.intervozes.org.br\/index.php?rest_route=%2Fwp%2Fv2%2Fcategories&post=23114"},{"taxonomy":"post_tag","embeddable":true,"href":"https:\/\/obscom.intervozes.org.br\/index.php?rest_route=%2Fwp%2Fv2%2Ftags&post=23114"}],"curies":[{"name":"wp","href":"https:\/\/api.w.org\/{rel}","templated":true}]}}