{"id":23113,"date":"2009-07-27T17:05:13","date_gmt":"2009-07-27T17:05:13","guid":{"rendered":"https:\/\/obscom.intervozes.org.br\/wordpress\/?p=23113"},"modified":"2014-09-07T02:58:34","modified_gmt":"2014-09-07T02:58:34","slug":"governo-cancela-reuniao-e-regimento-e-adiado-mais-uma-vez","status":"publish","type":"post","link":"https:\/\/obscom.intervozes.org.br\/?p=23113","title":{"rendered":"Governo cancela reuni\u00e3o e regimento \u00e9 adiado mais uma vez"},"content":{"rendered":"<p>   \t \t \t \t \t<!-- \t\t@page { margin: 2cm } \t\tP { margin-bottom: 0.21cm } \t--> \t  <\/p>\n<p style=\"margin-bottom: 0cm\" class=\"western padrao padrao\">A defini&ccedil;&atilde;o do regimento da I Confer&ecirc;ncia Nacional de Comunica&ccedil;&atilde;o foi mais uma vez adiada. O Minist&eacute;rio das Comunica&ccedil;&otilde;es informou nesta segunda-feira (27) que cancelou a reuni&atilde;o da Comiss&atilde;o Organizadora Nacional (CON) marcada para amanh&atilde; (28) e que teria como pauta as regras para a realiza&ccedil;&atilde;o das v&aacute;rias etapas da Confecom. O minist&eacute;rio n&atilde;o apresentou justificativas, nem apontou nova data para a reuni&atilde;o. <\/p>\n<p>O cancelamento contrasta com as declara&ccedil;&otilde;es do presidente Luiz In&aacute;cio Lula da Silva a respeito da Confecom, em que demonstra compromisso com a realiza&ccedil;&atilde;o da confer&ecirc;ncia e at&eacute; certa indigna&ccedil;&atilde;o com o que chamou de &ldquo;confus&atilde;o&rdquo; na organiza&ccedil;&atilde;o do processo. &ldquo;Voc&ecirc;s n&atilde;o sabem a confus&atilde;o que a gente est&aacute; tendo neste pa&iacute;s agora, porque n&oacute;s queremos fazer a 1&ordf; Confer&ecirc;ncia de Comunica&ccedil;&atilde;o, para tomar decis&otilde;es sobre coisas importantes no nosso pa&iacute;s, e n&atilde;o &eacute; f&aacute;cil&rdquo;, disse Lula na apresenta&ccedil;&atilde;o do projeto do Vale-Cultura, em S&atilde;o Paulo, na &uacute;ltima quinta-feira.<\/p>\n<p>Embora n&atilde;o seja expl&iacute;cita, a cr&iacute;tica de Lula parece ter sido influenciada pelo boicote dos empres&aacute;rios &agrave; reuni&atilde;o da CON da semana passada <a href=\"http:\/\/localhost\/intervozes_direitoacomunicacao\/wordpress\/?p=23099\">[saiba mais]<\/a> , que igualmente deveria ter decidido sobre o teor do regimento da confer&ecirc;ncia.&ldquo;Antes, as pessoas n&atilde;o estavam com medo porque n&atilde;o sabiam que ia acontecer, tinham d&uacute;vidas. Depois teve um problema de dinheiro e as pessoas ficaram: &#39;Bom, n&atilde;o vai ter dinheiro, ent&atilde;o n&atilde;o vai ter&#39;. Mas agora que vai ter, tem muita gente que n&atilde;o se preparou que est&aacute; preocupada.&rdquo;<\/p>\n<p>Segundo Lula, o que o governo quer com a confer&ecirc;ncia &eacute; &ldquo;melhorar a democratiza&ccedil;&atilde;o dos meios de comunica&ccedil;&atilde;o&rdquo;. &ldquo;N&oacute;s nem queremos tirar nada de ningu&eacute;m, s&oacute; queremos apenas aprimorar os meios de comunica&ccedil;&atilde;o no Brasil. E a sociedade vai participar. E quando a sociedade participa, nem o ministro Franklin tem o controle, nem o companheiro H&eacute;lio Costa tem o controle, nem eu tenho o controle. O m&aacute;ximo que n&oacute;s vamos l&aacute; &eacute; dizer o que n&oacute;s pensamos e fazer o nosso discurso.&rdquo;<\/p>\n<p><strong>Impasses e cancelamentos<\/strong><\/p>\n<p>A publica&ccedil;&atilde;o do regimento estava prevista para o in&iacute;cio de julho. Uma sucess&atilde;o de impasses criados por demandas do setor empresarial, que imp&ocirc;s condi&ccedil;&otilde;es para garantir sua participa&ccedil;&atilde;o na Confecom, foi atrasando a defini&ccedil;&atilde;o das regras. At&eacute; que, na semana passada, os empres&aacute;rios entregaram ao ministro H&eacute;lio Costa, das Comunica&ccedil;&otilde;es, uma lista de demandas e, no dia seguinte, n&atilde;o compareceram &agrave; reuni&atilde;o da CON.<\/p>\n<p>Antes disso, outra reuni&atilde;o havia sido cancelada pelo Executivo. A justificativa apresentada foi que os ministros H&eacute;lio Costa, Franklin Martins e Luiz Dulci queriam entender o que estava emperrando a defini&ccedil;&atilde;o do regimento.<\/p>\n","protected":false},"excerpt":{"rendered":"<p>Comiss\u00e3o Organizadora se reuniria amanh\u00e3 (28) para definir regras para etapas da Confer\u00eancia Nacional de Comunica\u00e7\u00e3o; cancelamento contrasta com declara\u00e7\u00e3o de Lula sobre empenho do governo em realizar confer\u00eancia<\/p>\n","protected":false},"author":1,"featured_media":0,"comment_status":"open","ping_status":"open","sticky":false,"template":"","format":"standard","meta":{"footnotes":""},"categories":[40],"tags":[1012],"_links":{"self":[{"href":"https:\/\/obscom.intervozes.org.br\/index.php?rest_route=\/wp\/v2\/posts\/23113"}],"collection":[{"href":"https:\/\/obscom.intervozes.org.br\/index.php?rest_route=\/wp\/v2\/posts"}],"about":[{"href":"https:\/\/obscom.intervozes.org.br\/index.php?rest_route=\/wp\/v2\/types\/post"}],"author":[{"embeddable":true,"href":"https:\/\/obscom.intervozes.org.br\/index.php?rest_route=\/wp\/v2\/users\/1"}],"replies":[{"embeddable":true,"href":"https:\/\/obscom.intervozes.org.br\/index.php?rest_route=%2Fwp%2Fv2%2Fcomments&post=23113"}],"version-history":[{"count":1,"href":"https:\/\/obscom.intervozes.org.br\/index.php?rest_route=\/wp\/v2\/posts\/23113\/revisions"}],"predecessor-version":[{"id":28032,"href":"https:\/\/obscom.intervozes.org.br\/index.php?rest_route=\/wp\/v2\/posts\/23113\/revisions\/28032"}],"wp:attachment":[{"href":"https:\/\/obscom.intervozes.org.br\/index.php?rest_route=%2Fwp%2Fv2%2Fmedia&parent=23113"}],"wp:term":[{"taxonomy":"category","embeddable":true,"href":"https:\/\/obscom.intervozes.org.br\/index.php?rest_route=%2Fwp%2Fv2%2Fcategories&post=23113"},{"taxonomy":"post_tag","embeddable":true,"href":"https:\/\/obscom.intervozes.org.br\/index.php?rest_route=%2Fwp%2Fv2%2Ftags&post=23113"}],"curies":[{"name":"wp","href":"https:\/\/api.w.org\/{rel}","templated":true}]}}