{"id":23103,"date":"2009-07-23T17:11:06","date_gmt":"2009-07-23T17:11:06","guid":{"rendered":"https:\/\/obscom.intervozes.org.br\/wordpress\/?p=23103"},"modified":"2009-07-23T17:11:06","modified_gmt":"2009-07-23T17:11:06","slug":"fim-do-diploma-gera-duvidas-sobre-aplicacao-do-direito-de-sigilo-da-fonte","status":"publish","type":"post","link":"https:\/\/obscom.intervozes.org.br\/?p=23103","title":{"rendered":"Fim do diploma gera d\u00favidas sobre aplica\u00e7\u00e3o do direito de sigilo da fonte"},"content":{"rendered":"<p>   \t \t \t \t \t<!-- \t\t@page { margin: 2cm } \t\tP { margin-bottom: 0.21cm } \t--> \t  <\/p>\n<p style=\"margin-bottom: 0cm\" class=\"western padrao padrao\">Com o fim da Lei de Imprensa, revogada pelo Supremo Tribunal Federal (STF) no dia 30\/4 deste ano, o jornalista continua tendo o sigilo da fonte garantido, mas advogados divergem sobre a inseguran&ccedil;a jur&iacute;dica que o fim da exig&ecirc;ncia do diploma de jornalismo pode causar.<\/p>\n<p>&ldquo;Mesmo sem disposi&ccedil;&atilde;o legal,&nbsp;a Constitui&ccedil;&atilde;o garante o sigilo da fonte diante do exerc&iacute;cio profissional, pelo artigo 5&ordm;, inciso XIV. H&aacute; sigilo profissional para psic&oacute;logos, m&eacute;dicos e advogados&rdquo;, explica Antonio Paulo Donadelli, especialista em Direito Constitucional pela Escola Superior de Direito Constitucional &ndash; ESDC.<\/p>\n<p>O artigo da Constitui&ccedil;&atilde;o diz: &ldquo;&Eacute; assegurado a todos o acesso &agrave; informa&ccedil;&atilde;o e resguardado o sigilo da fonte, quando necess&aacute;rio ao exerc&iacute;cio profissional&rdquo;.<\/p>\n<p><strong>Quem &eacute; jornalista?<\/strong><\/p>\n<p>A desregulamenta&ccedil;&atilde;o da profiss&atilde;o gerou d&uacute;vidas sobre a abrang&ecirc;ncia do direito de sigilo da fonte. &ldquo;A quest&atilde;o &eacute; que com o fim da exig&ecirc;ncia do diploma, a desregulamenta&ccedil;&atilde;o da profiss&atilde;o, quem vai dizer o que &eacute; exerc&iacute;cio profissional? A quem cabe esse sigilo?&rdquo;, indaga o advogado Felippe Mendon&ccedil;a, mestrando em Direito do Estado pela Faculdade de Direito da USP, e Membro-Colaborador da Comiss&atilde;o de Defesa da Rep&uacute;blica e da Democracia da Sec&ccedil;&atilde;o S&atilde;o Paulo.<\/p>\n<p>O deputado e advogado Miro Teixeira (PDT&ndash;RJ), um dos respons&aacute;veis pela a&ccedil;&atilde;o que pediu a extin&ccedil;&atilde;o da Lei de Imprensa, discorda que a queda da lei, e da exig&ecirc;ncia do diploma, tenham causado inseguran&ccedil;a jur&iacute;dica. &ldquo;N&atilde;o muda nada, como agora se ampliou muito o direito de sigilo da fonte. Qualquer pessoa que exer&ccedil;a atividade jornal&iacute;stica tem esse direito&rdquo;, afirma Teixeira, que prop&ocirc;s recentemente um Projeto de Lei pela volta da exig&ecirc;ncia do diploma de jornalismo.<br \/><strong><br \/>Trabalho independente<\/strong><\/p>\n<p>Mendon&ccedil;a&nbsp;explica que existe um v&aacute;cuo na quest&atilde;o, no caso de jornalistas que escrevem em blogs ou mant&ecirc;m outro tipo de trabalho independente. &ldquo;Nesses caso quem pode julgar quem &eacute; jornalista ou n&atilde;o? Os juristas ir&atilde;o apelar para o bom senso, mas pelo bom senso se corre muitos riscos&rdquo;, afirma Mendon&ccedil;a, que leciona com Donadelli o curso A Liberdade de Express&atilde;o sem a Lei de Imprensa, pela Escola Superior de Direito Constitucional.<\/p>\n<p>Apesar das discuss&otilde;es, a Lei de Imprensa ainda n&atilde;o &eacute; uma resolu&ccedil;&atilde;o no Supremo porque o ac&oacute;rd&atilde;o, a manifesta&ccedil;&atilde;o de um &oacute;rg&atilde;o judicial colegiado, ainda n&atilde;o foi publicado. Diante das d&uacute;vidas de profissionais e representantes do setor, o ministro Gilmar Mendes, presidente do STF, e a Ordem dos Advogados do Brasil, OAB, defendem a auto-regulamenta&ccedil;&atilde;o da m&iacute;dia.<\/p>\n","protected":false},"excerpt":{"rendered":"<p>Com o fim da Lei de Imprensa, revogada pelo Supremo Tribunal Federal (STF) no dia 30\/4 deste ano, o jornalista continua tendo o sigilo da fonte garantido, mas advogados divergem sobre a inseguran&ccedil;a jur&iacute;dica que o fim da exig&ecirc;ncia do diploma de jornalismo pode causar. &ldquo;Mesmo sem disposi&ccedil;&atilde;o legal,&nbsp;a Constitui&ccedil;&atilde;o garante o sigilo da fonte &hellip; <a href=\"https:\/\/obscom.intervozes.org.br\/?p=23103\" class=\"more-link\">Continue lendo <span class=\"screen-reader-text\">Fim do diploma gera d\u00favidas sobre aplica\u00e7\u00e3o do direito de sigilo da fonte<\/span> <span class=\"meta-nav\">&rarr;<\/span><\/a><\/p>\n","protected":false},"author":1,"featured_media":0,"comment_status":"open","ping_status":"open","sticky":false,"template":"","format":"standard","meta":{"footnotes":""},"categories":[40],"tags":[272],"_links":{"self":[{"href":"https:\/\/obscom.intervozes.org.br\/index.php?rest_route=\/wp\/v2\/posts\/23103"}],"collection":[{"href":"https:\/\/obscom.intervozes.org.br\/index.php?rest_route=\/wp\/v2\/posts"}],"about":[{"href":"https:\/\/obscom.intervozes.org.br\/index.php?rest_route=\/wp\/v2\/types\/post"}],"author":[{"embeddable":true,"href":"https:\/\/obscom.intervozes.org.br\/index.php?rest_route=\/wp\/v2\/users\/1"}],"replies":[{"embeddable":true,"href":"https:\/\/obscom.intervozes.org.br\/index.php?rest_route=%2Fwp%2Fv2%2Fcomments&post=23103"}],"version-history":[{"count":0,"href":"https:\/\/obscom.intervozes.org.br\/index.php?rest_route=\/wp\/v2\/posts\/23103\/revisions"}],"wp:attachment":[{"href":"https:\/\/obscom.intervozes.org.br\/index.php?rest_route=%2Fwp%2Fv2%2Fmedia&parent=23103"}],"wp:term":[{"taxonomy":"category","embeddable":true,"href":"https:\/\/obscom.intervozes.org.br\/index.php?rest_route=%2Fwp%2Fv2%2Fcategories&post=23103"},{"taxonomy":"post_tag","embeddable":true,"href":"https:\/\/obscom.intervozes.org.br\/index.php?rest_route=%2Fwp%2Fv2%2Ftags&post=23103"}],"curies":[{"name":"wp","href":"https:\/\/api.w.org\/{rel}","templated":true}]}}