{"id":23100,"date":"2009-07-23T17:04:44","date_gmt":"2009-07-23T17:04:44","guid":{"rendered":"https:\/\/obscom.intervozes.org.br\/wordpress\/?p=23100"},"modified":"2009-07-23T17:04:44","modified_gmt":"2009-07-23T17:04:44","slug":"empresarios-impoem-condicoes-para-continuar-na-confecom","status":"publish","type":"post","link":"https:\/\/obscom.intervozes.org.br\/?p=23100","title":{"rendered":"Empres\u00e1rios imp\u00f5em condi\u00e7\u00f5es para continuar na Confecom"},"content":{"rendered":"<p>   \t \t \t \t \t<!-- \t\t@page { margin: 2cm } \t\tP { margin-bottom: 0.21cm } \t--> \t  <\/p>\n<p style=\"margin-bottom: 0cm\" class=\"western padrao\">Unidas contra as posi&ccedil;&otilde;es defendidas pelos movimentos sociais, as oito entidades representantes do setor empresarial, que fazem parte da comiss&atilde;o organizadora da Confer&ecirc;ncia Nacional de Comunica&ccedil;&atilde;o, n&atilde;o participaram da reuni&atilde;o de hoje no Minist&eacute;rio das Comunica&ccedil;&otilde;es. Ontem, os empres&aacute;rios entregaram um documento ao ministro H&eacute;lio Costa, apresentando propostas de premissas e conceitos para assegurar a efetiva participa&ccedil;&atilde;o das entidades nos debates. Eles pediram, tamb&eacute;m, a suspens&atilde;o da reuni&atilde;o de hoje, mas n&atilde;o foram atendidos.<\/p>\n<p>O presidente da comiss&atilde;o organizadora da Confecom, Marcelo Bechara, consultor jur&iacute;dico do Minicom, acredita que as reivindica&ccedil;&otilde;es dos empres&aacute;rios ser&atilde;o levadas em considera&ccedil;&atilde;o e que acha muito importante a participa&ccedil;&atilde;o deles, mas n&atilde;o quis entrar no m&eacute;rito das desaven&ccedil;as deles com os representantes dos movimentos sociais. Ele presidiu a reuni&atilde;o de hoje, tentou avan&ccedil;ar no debate do regimento interno, mas boa parte do tempo foi dedicado ao pronunciamento dos representantes das entidades sociais contra a atitude dos empres&aacute;rios.<\/p>\n<p>Para os empres&aacute;rios, da forma como est&aacute; sendo elaborado o regimento interno do evento, o papel deles ficar&aacute; resumido apenas a homologadores das decis&otilde;es dos movimentos sociais e do governo. Eles defendem uma forma de representatividade que garanta a participa&ccedil;&atilde;o &#39;democr&aacute;tica&#39; de todos os integrantes.<\/p>\n<p>A decis&atilde;o do ministro das Comunica&ccedil;&otilde;es sobre os pleitos dos empres&aacute;rios ir&aacute; determinar se eles continuam ou n&atilde;o nos debates. &ldquo;N&atilde;o queremos brigar com o governo ou com os movimentos sociais, mas sem uma garantia de que nossa participa&ccedil;&atilde;o ser&aacute; efetiva, inviabiliza nossa perman&ecirc;ncia&rdquo;, disse um dos empres&aacute;rios, ressaltando que&nbsp; posi&ccedil;&atilde;o do Minicom ser&aacute; levada &agrave;s bases, antes da decis&atilde;o final.<\/p>\n<p>No entendimento dos empres&aacute;rios, se n&atilde;o &eacute; para ter uma participa&ccedil;&atilde;o efetiva na Confecom, o melhor &eacute; n&atilde;o participar. Eles argumentam que as confer&ecirc;ncias de outros setores n&atilde;o contaram mesmo com a participa&ccedil;&atilde;o da classe empresarial.<\/p>\n<p><strong>Cr&iacute;ticas<\/strong><\/p>\n<p>J&aacute; os representantes dos movimentos sociais veem na posi&ccedil;&atilde;o dos empres&aacute;rios mais uma tentativa de evitar o debate sobre a comunica&ccedil;&atilde;o social. &ldquo;Atitude que os radiodifusores adotam sistematicamente h&aacute; 40 anos&rdquo;, reclama Roseli Gofman, representante do FNDC (Forum Nacional de Democratiza&ccedil;&atilde;o das Comunica&ccedil;&otilde;es). Ela n&atilde;o aceita premissas nem mudan&ccedil;as na forma de representatividade.<\/p>\n<p>O diretor do Intervozes &ndash; Coletivo Brasil de Comunica&ccedil;&atilde;o Social, Jonas Valente, lamentou a decis&atilde;o dos empres&aacute;rios, defendendo a reuni&atilde;o da comiss&atilde;o organizadora como um espa&ccedil;o prop&iacute;cio ao di&aacute;logo. &ldquo;Esse fato criado ir&aacute; atrasar o processo mais uma vez&rdquo;, reclamou.<\/p>\n<p>J&aacute; outra representante do FNDC, Berenice Mendes, a atitude dos empres&aacute;rios n&atilde;o passa de uma cortina de fuma&ccedil;a para a real quest&atilde;o que dificulta a participa&ccedil;&atilde;o deles, que &eacute; o embate entre a radiodifus&atilde;o tradicional e as teles sobre produ&ccedil;&atilde;o e transmiss&atilde;o de conte&uacute;do na internet. &ldquo;Esta &eacute; a quest&atilde;o nova no debate da comunica&ccedil;&atilde;o e que vem sendo protelada por a&ccedil;&atilde;o dos radiodifusores&rdquo;, disse.<\/p>\n<p>Apesar das disputas em torno da converg&ecirc;ncia tecnol&oacute;gica, empres&aacute;rios do setor de radiodifus&atilde;o, m&iacute;dia impressa, telecomunica&ccedil;&otilde;es e provedores de internet caminham unidos nos debates da Confecom. E o regimento interno, que seria aprovado ainda esta semana, ser&aacute; postergado mais uma vez, atrasando a realiza&ccedil;&atilde;o das etapas regionais da Confecom.<\/p>\n","protected":false},"excerpt":{"rendered":"<p>Unidas contra as posi&ccedil;&otilde;es defendidas pelos movimentos sociais, as oito entidades representantes do setor empresarial, que fazem parte da comiss&atilde;o organizadora da Confer&ecirc;ncia Nacional de Comunica&ccedil;&atilde;o, n&atilde;o participaram da reuni&atilde;o de hoje no Minist&eacute;rio das Comunica&ccedil;&otilde;es. Ontem, os empres&aacute;rios entregaram um documento ao ministro H&eacute;lio Costa, apresentando propostas de premissas e conceitos para assegurar a &hellip; <a href=\"https:\/\/obscom.intervozes.org.br\/?p=23100\" class=\"more-link\">Continue lendo <span class=\"screen-reader-text\">Empres\u00e1rios imp\u00f5em condi\u00e7\u00f5es para continuar na Confecom<\/span> <span class=\"meta-nav\">&rarr;<\/span><\/a><\/p>\n","protected":false},"author":1,"featured_media":0,"comment_status":"open","ping_status":"open","sticky":false,"template":"","format":"standard","meta":{"footnotes":""},"categories":[40],"tags":[570],"_links":{"self":[{"href":"https:\/\/obscom.intervozes.org.br\/index.php?rest_route=\/wp\/v2\/posts\/23100"}],"collection":[{"href":"https:\/\/obscom.intervozes.org.br\/index.php?rest_route=\/wp\/v2\/posts"}],"about":[{"href":"https:\/\/obscom.intervozes.org.br\/index.php?rest_route=\/wp\/v2\/types\/post"}],"author":[{"embeddable":true,"href":"https:\/\/obscom.intervozes.org.br\/index.php?rest_route=\/wp\/v2\/users\/1"}],"replies":[{"embeddable":true,"href":"https:\/\/obscom.intervozes.org.br\/index.php?rest_route=%2Fwp%2Fv2%2Fcomments&post=23100"}],"version-history":[{"count":0,"href":"https:\/\/obscom.intervozes.org.br\/index.php?rest_route=\/wp\/v2\/posts\/23100\/revisions"}],"wp:attachment":[{"href":"https:\/\/obscom.intervozes.org.br\/index.php?rest_route=%2Fwp%2Fv2%2Fmedia&parent=23100"}],"wp:term":[{"taxonomy":"category","embeddable":true,"href":"https:\/\/obscom.intervozes.org.br\/index.php?rest_route=%2Fwp%2Fv2%2Fcategories&post=23100"},{"taxonomy":"post_tag","embeddable":true,"href":"https:\/\/obscom.intervozes.org.br\/index.php?rest_route=%2Fwp%2Fv2%2Ftags&post=23100"}],"curies":[{"name":"wp","href":"https:\/\/api.w.org\/{rel}","templated":true}]}}