{"id":23095,"date":"2009-07-22T16:46:26","date_gmt":"2009-07-22T16:46:26","guid":{"rendered":"https:\/\/obscom.intervozes.org.br\/wordpress\/?p=23095"},"modified":"2009-07-22T16:46:26","modified_gmt":"2009-07-22T16:46:26","slug":"integracao-da-oi-e-brasil-telecom-demite-11-mil-funcionarios","status":"publish","type":"post","link":"https:\/\/obscom.intervozes.org.br\/?p=23095","title":{"rendered":"Integra\u00e7\u00e3o da Oi e Brasil Telecom demite 1,1 mil funcion\u00e1rios"},"content":{"rendered":"<p>   \t \t \t \t \t<!-- \t\t@page { margin: 2cm } \t\tP { margin-bottom: 0.21cm } \t--><span class=\"padrao\">A operadora de telefonia Oi deve chegar ao final deste m&ecirc;s com 1.178 funcion&aacute;rios a menos que os 31.238 que a companhia tinha em junho. De acordo com a empresa, os cortes fazem parte do programa de integra&ccedil;&atilde;o com a Brasil Telecom (BrT), iniciado em janeiro deste ano. <br \/><\/span><\/p>\n<p style=\"margin-bottom: 0cm\" class=\"western padrao padrao\">Do total de afastados, no entanto, 860 fazem parte da equipe de opera&ccedil;&atilde;o e manuten&ccedil;&atilde;o em duas das regi&otilde;es atendidas pela Oi, cujos servi&ccedil;os passaram a ser administrados pela Nokia Siemens. Esta, por sua vez, est&aacute; negociando a contrata&ccedil;&atilde;o dos que est&atilde;o deixando a Oi. <\/p>\n<p>Outras cerca de 200 pessoas que trabalhavam nas lojas da antiga Brasil Telecom tamb&eacute;m foram afastadas, para dar lugar ao sistema de franquias. Segundo a Oi, os franqueados dever&atilde;o criar cerca de 200 vagas. <\/p>\n<p>A empresa divulgou que quem est&aacute; saindo, al&eacute;m dos direitos trabalhistas e os previstos nos acordos sindicais, recebe 0,3 sal&aacute;rio para cada ano de trabalho na empresa, com piso de um sal&aacute;rio e meio e teto de seis sal&aacute;rios. Para os empregados que optaram pela aposentadoria incentivada, a indeniza&ccedil;&atilde;o &eacute; de 0,4 sal&aacute;rio para cada ano, com limite de 12 sal&aacute;rios. <\/p>\n<p>Segundo a companhia, os ajustes necess&aacute;rios &agrave; integra&ccedil;&atilde;o j&aacute; geraram a admiss&atilde;o de 700 funcion&aacute;rios desde janeiro deste ano. Outras 800 vagas est&atilde;o abertas e em processo de sele&ccedil;&atilde;o. <\/p>\n<p>Ao promover a fus&atilde;o com a Brasil Telecom, a Oi comprometeu-se com a Ag&ecirc;ncia Nacional de Telecomunica&ccedil;&otilde;es (Anatel) a manter em seus quadros, por tr&ecirc;s anos, 25.542 empregados, o mesmo n&uacute;mero que tinha em fevereiro deste ano.  <\/p>\n","protected":false},"excerpt":{"rendered":"<p>A operadora de telefonia Oi deve chegar ao final deste m&ecirc;s com 1.178 funcion&aacute;rios a menos que os 31.238 que a companhia tinha em junho. De acordo com a empresa, os cortes fazem parte do programa de integra&ccedil;&atilde;o com a Brasil Telecom (BrT), iniciado em janeiro deste ano. Do total de afastados, no entanto, 860 &hellip; <a href=\"https:\/\/obscom.intervozes.org.br\/?p=23095\" class=\"more-link\">Continue lendo <span class=\"screen-reader-text\">Integra\u00e7\u00e3o da Oi e Brasil Telecom demite 1,1 mil funcion\u00e1rios<\/span> <span class=\"meta-nav\">&rarr;<\/span><\/a><\/p>\n","protected":false},"author":1,"featured_media":0,"comment_status":"open","ping_status":"open","sticky":false,"template":"","format":"standard","meta":{"footnotes":""},"categories":[40],"tags":[859],"_links":{"self":[{"href":"https:\/\/obscom.intervozes.org.br\/index.php?rest_route=\/wp\/v2\/posts\/23095"}],"collection":[{"href":"https:\/\/obscom.intervozes.org.br\/index.php?rest_route=\/wp\/v2\/posts"}],"about":[{"href":"https:\/\/obscom.intervozes.org.br\/index.php?rest_route=\/wp\/v2\/types\/post"}],"author":[{"embeddable":true,"href":"https:\/\/obscom.intervozes.org.br\/index.php?rest_route=\/wp\/v2\/users\/1"}],"replies":[{"embeddable":true,"href":"https:\/\/obscom.intervozes.org.br\/index.php?rest_route=%2Fwp%2Fv2%2Fcomments&post=23095"}],"version-history":[{"count":0,"href":"https:\/\/obscom.intervozes.org.br\/index.php?rest_route=\/wp\/v2\/posts\/23095\/revisions"}],"wp:attachment":[{"href":"https:\/\/obscom.intervozes.org.br\/index.php?rest_route=%2Fwp%2Fv2%2Fmedia&parent=23095"}],"wp:term":[{"taxonomy":"category","embeddable":true,"href":"https:\/\/obscom.intervozes.org.br\/index.php?rest_route=%2Fwp%2Fv2%2Fcategories&post=23095"},{"taxonomy":"post_tag","embeddable":true,"href":"https:\/\/obscom.intervozes.org.br\/index.php?rest_route=%2Fwp%2Fv2%2Ftags&post=23095"}],"curies":[{"name":"wp","href":"https:\/\/api.w.org\/{rel}","templated":true}]}}