{"id":23093,"date":"2009-07-22T16:34:07","date_gmt":"2009-07-22T16:34:07","guid":{"rendered":"https:\/\/obscom.intervozes.org.br\/wordpress\/?p=23093"},"modified":"2009-07-22T16:34:07","modified_gmt":"2009-07-22T16:34:07","slug":"ministro-helio-costa-acredita-em-fracasso-de-acao-contraria-ao-modelo-de-tv-digital-do-brasil","status":"publish","type":"post","link":"https:\/\/obscom.intervozes.org.br\/?p=23093","title":{"rendered":"Ministro H\u00e9lio Costa acredita em fracasso de a\u00e7\u00e3o contr\u00e1ria ao modelo de TV digital do Brasil"},"content":{"rendered":"<p>   \t \t \t \t \t<!-- \t\t@page { margin: 2cm } \t\tP { margin-bottom: 0.21cm } \t--> \t  <\/p>\n<p style=\"margin-bottom: 0cm\" class=\"western padrao\">O ministro das Comunica&ccedil;&otilde;es, H&eacute;lio Costa, descartou o sucesso da a&ccedil;&atilde;o no Supremo Tribunal Federal (STF), que questiona a constitucionalidade do modelo de TV digital adotado no Brasil. Criada pelo partido PSOL e endossada pela Procuradoria Geral da Rep&uacute;blica (PGR), a medida aponta incorre&ccedil;&otilde;es no sistema nip&ocirc;nico-brasileiro. <\/p>\n<p>A PGR alega que o servi&ccedil;o de TV digital fere o artigo 223 da Constitui&ccedil;&atilde;o Federal, ao conceder aos radiodifusores a possibilidade de explorar novo servi&ccedil;o sem autoriza&ccedil;&atilde;o do Congresso. A Procuradoria diz ainda que a medida renova as concess&otilde;es de emissoras, sem an&aacute;lise pr&eacute;via do Poder Legislativo. <\/p>\n<p>Na avalia&ccedil;&atilde;o de H&eacute;lio Costa, o sistema se TV digital &eacute; baseado apenas em amplia&ccedil;&atilde;o tecnol&oacute;gica, e n&atilde;o em um processo de transi&ccedil;&atilde;o no setor.<\/p>\n<p>&quot;O decreto foi cuidadosamente elaborado para evitar a superposi&ccedil;&atilde;o das frequ&ecirc;ncias. A consigna&ccedil;&atilde;o &eacute; um empr&eacute;stimo do canal, exatamente para n&atilde;o prejudicar o telespectador, que vai continuar assistindo a TV anal&oacute;gica at&eacute; que resolva ou tenha condi&ccedil;&otilde;es de trocar de equipamento. O que n&atilde;o est&atilde;o entendendo &eacute; que se trata de um processo de transi&ccedil;&atilde;o da tecnologia&quot;, disse o ministro. <\/p>\n<p>Costa afirmou que ir&aacute; se reunir com o ministro Carlos Ayres Brito &#8211; relator da a&ccedil;&atilde;o de inconstitucionalidade criada pelo PSOL-  para mostrar a posi&ccedil;&atilde;o do governo sobre o tema. T&eacute;cnicos do Minist&eacute;rio das Comunica&ccedil;&otilde;es ressaltaram ainda que a Adin no STF n&atilde;o se refere ao modelo de TV digital adotado pelo pa&iacute;s, refor&ccedil;ando a perman&ecirc;ncia do servi&ccedil;o. A informa&ccedil;&atilde;o &eacute; do site <em>Converg&ecirc;ncia Digital<\/em>.<\/p>\n<p style=\"margin-bottom: 0cm\" class=\"western\"><span class=\"padrao\"><br \/><\/span> <\/p>\n","protected":false},"excerpt":{"rendered":"<p>O ministro das Comunica&ccedil;&otilde;es, H&eacute;lio Costa, descartou o sucesso da a&ccedil;&atilde;o no Supremo Tribunal Federal (STF), que questiona a constitucionalidade do modelo de TV digital adotado no Brasil. Criada pelo partido PSOL e endossada pela Procuradoria Geral da Rep&uacute;blica (PGR), a medida aponta incorre&ccedil;&otilde;es no sistema nip&ocirc;nico-brasileiro. A PGR alega que o servi&ccedil;o de TV &hellip; <a href=\"https:\/\/obscom.intervozes.org.br\/?p=23093\" class=\"more-link\">Continue lendo <span class=\"screen-reader-text\">Ministro H\u00e9lio Costa acredita em fracasso de a\u00e7\u00e3o contr\u00e1ria ao modelo de TV digital do Brasil<\/span> <span class=\"meta-nav\">&rarr;<\/span><\/a><\/p>\n","protected":false},"author":1,"featured_media":0,"comment_status":"open","ping_status":"open","sticky":false,"template":"","format":"standard","meta":{"footnotes":""},"categories":[40],"tags":[1069],"_links":{"self":[{"href":"https:\/\/obscom.intervozes.org.br\/index.php?rest_route=\/wp\/v2\/posts\/23093"}],"collection":[{"href":"https:\/\/obscom.intervozes.org.br\/index.php?rest_route=\/wp\/v2\/posts"}],"about":[{"href":"https:\/\/obscom.intervozes.org.br\/index.php?rest_route=\/wp\/v2\/types\/post"}],"author":[{"embeddable":true,"href":"https:\/\/obscom.intervozes.org.br\/index.php?rest_route=\/wp\/v2\/users\/1"}],"replies":[{"embeddable":true,"href":"https:\/\/obscom.intervozes.org.br\/index.php?rest_route=%2Fwp%2Fv2%2Fcomments&post=23093"}],"version-history":[{"count":0,"href":"https:\/\/obscom.intervozes.org.br\/index.php?rest_route=\/wp\/v2\/posts\/23093\/revisions"}],"wp:attachment":[{"href":"https:\/\/obscom.intervozes.org.br\/index.php?rest_route=%2Fwp%2Fv2%2Fmedia&parent=23093"}],"wp:term":[{"taxonomy":"category","embeddable":true,"href":"https:\/\/obscom.intervozes.org.br\/index.php?rest_route=%2Fwp%2Fv2%2Fcategories&post=23093"},{"taxonomy":"post_tag","embeddable":true,"href":"https:\/\/obscom.intervozes.org.br\/index.php?rest_route=%2Fwp%2Fv2%2Ftags&post=23093"}],"curies":[{"name":"wp","href":"https:\/\/api.w.org\/{rel}","templated":true}]}}