{"id":23089,"date":"2009-07-22T15:12:41","date_gmt":"2009-07-22T15:12:41","guid":{"rendered":"https:\/\/obscom.intervozes.org.br\/wordpress\/?p=23089"},"modified":"2009-07-22T15:12:41","modified_gmt":"2009-07-22T15:12:41","slug":"empresarios-reunem-se-com-minicom-para-discutir-condicoes-a-realizacao-da-confecom","status":"publish","type":"post","link":"https:\/\/obscom.intervozes.org.br\/?p=23089","title":{"rendered":"Empres\u00e1rios re\u00fanem-se com Minicom para discutir condi\u00e7\u00f5es \u00e0 realiza\u00e7\u00e3o da Confecom"},"content":{"rendered":"<p>   \t \t \t \t \t<!-- \t\t@page { margin: 2cm } \t\tTD P { margin-bottom: 0cm } \t\tP { margin-bottom: 0.21cm } \t--> \t  <\/p>\n<p class=\"western padrao\"><em>[T&iacute;tulo original: Minicom e empresas fazem reuni&atilde;o pr&eacute;via sobre Confecom]<\/em><\/p>\n<p>Os setores empresariais que participam do comit&ecirc; organizador da 1&ordf; Confer&ecirc;ncia Nacional de Comunica&ccedil;&atilde;o (Confecom) estiveram reunidos nesta ter&ccedil;a-feira (21), no Minist&eacute;rio das Comunica&ccedil;&otilde;es, com a presen&ccedil;a do ministro H&eacute;lio Costa, para discutir alguns dos pontos que dever&atilde;o ser defendidos nesta quarta, 22, em reuni&atilde;o geral, com todos os demais participantes do comit&ecirc;. Um dos participantes confirmou que na reuni&atilde;o desta ter&ccedil;a n&atilde;o houve a presen&ccedil;a dos representantes da sociedade civil. <\/p>\n<p>O encontro geral desta quarta ser&aacute; tamb&eacute;m no Minicom, &agrave;s 14h00. Em princ&iacute;pio, n&atilde;o est&aacute; garantida a participa&ccedil;&atilde;o do ministro H&eacute;lio Costa, uma vez que o governo tem evitado se posicionar formalmente sobre a agenda da confer&ecirc;ncia. Mesmo com o encontro desta ter&ccedil;a, ainda n&atilde;o existe um acordo entre os diversos segmentos empresariais. H&aacute; basicamente um &uacute;nico ponto em comum entre eles: o de que a Confecom n&atilde;o pode servir apenas para a realiza&ccedil;&atilde;o de protestos e questionamentos com rela&ccedil;&atilde;o ao modelo atual das comunica&ccedil;&otilde;es. <\/p>\n<p>Os radiodifusores temem que os setores ligados ao movimento de democratiza&ccedil;&atilde;o das comunica&ccedil;&otilde;es utilizem a confer&ecirc;ncia para protestar contra o modelo atual de radiodifus&atilde;o. E para atrair os demais setores empresariais (telecomunica&ccedil;&otilde;es e TV paga), alegam que estes protestos poder&atilde;o levar o debate a pautas como a universaliza&ccedil;&atilde;o da banda larga ou a recria&ccedil;&atilde;o de uma empresa estatal de telecomunica&ccedil;&otilde;es. <\/p>\n<p>O temor compactuado por todos os segmentos empresariais envolvidos com a Confecom &eacute; o de que, de fato, pautas pol&ecirc;micas dominem o debate e coloquem em xeque os sistemas de comunica&ccedil;&atilde;o em funcionamento no pa&iacute;s. A filosofia comum entre teles, radiodifusoras e jornais &#8211; que compareceram ao encontro desta ter&ccedil;a &#8211; &eacute; que a Confecom tenha como alvo a realiza&ccedil;&atilde;o de debates que possam ser consolidados em proposi&ccedil;&otilde;es que fortale&ccedil;am os modelos adotados no Brasil. <\/p>\n<p>Enquanto isso, as entidades representativas da sociedade tamb&eacute;m t&ecirc;m se articulado para preservar as pautas j&aacute; expostas publicamente, o que de fato inclui a discuss&atilde;o de modelos atuais. As entidades foram recebidas pelo ministro da Secretaria de Comunica&ccedil;&atilde;o Social, Franklin Martins, e expuseram seus planos. <\/p>\n<p>A reuni&atilde;o desta quarta pode ser decisiva para a defini&ccedil;&atilde;o da Confecom. A expectativa &eacute; que o comit&ecirc; arremate o regimento da confer&ecirc;ncia, documento que nortear&aacute; os debates daqui para frente.  <\/p>\n","protected":false},"excerpt":{"rendered":"<p>[T&iacute;tulo original: Minicom e empresas fazem reuni&atilde;o pr&eacute;via sobre Confecom] Os setores empresariais que participam do comit&ecirc; organizador da 1&ordf; Confer&ecirc;ncia Nacional de Comunica&ccedil;&atilde;o (Confecom) estiveram reunidos nesta ter&ccedil;a-feira (21), no Minist&eacute;rio das Comunica&ccedil;&otilde;es, com a presen&ccedil;a do ministro H&eacute;lio Costa, para discutir alguns dos pontos que dever&atilde;o ser defendidos nesta quarta, 22, em reuni&atilde;o &hellip; <a href=\"https:\/\/obscom.intervozes.org.br\/?p=23089\" class=\"more-link\">Continue lendo <span class=\"screen-reader-text\">Empres\u00e1rios re\u00fanem-se com Minicom para discutir condi\u00e7\u00f5es \u00e0 realiza\u00e7\u00e3o da Confecom<\/span> <span class=\"meta-nav\">&rarr;<\/span><\/a><\/p>\n","protected":false},"author":1,"featured_media":0,"comment_status":"open","ping_status":"open","sticky":false,"template":"","format":"standard","meta":{"footnotes":""},"categories":[40],"tags":[570],"_links":{"self":[{"href":"https:\/\/obscom.intervozes.org.br\/index.php?rest_route=\/wp\/v2\/posts\/23089"}],"collection":[{"href":"https:\/\/obscom.intervozes.org.br\/index.php?rest_route=\/wp\/v2\/posts"}],"about":[{"href":"https:\/\/obscom.intervozes.org.br\/index.php?rest_route=\/wp\/v2\/types\/post"}],"author":[{"embeddable":true,"href":"https:\/\/obscom.intervozes.org.br\/index.php?rest_route=\/wp\/v2\/users\/1"}],"replies":[{"embeddable":true,"href":"https:\/\/obscom.intervozes.org.br\/index.php?rest_route=%2Fwp%2Fv2%2Fcomments&post=23089"}],"version-history":[{"count":0,"href":"https:\/\/obscom.intervozes.org.br\/index.php?rest_route=\/wp\/v2\/posts\/23089\/revisions"}],"wp:attachment":[{"href":"https:\/\/obscom.intervozes.org.br\/index.php?rest_route=%2Fwp%2Fv2%2Fmedia&parent=23089"}],"wp:term":[{"taxonomy":"category","embeddable":true,"href":"https:\/\/obscom.intervozes.org.br\/index.php?rest_route=%2Fwp%2Fv2%2Fcategories&post=23089"},{"taxonomy":"post_tag","embeddable":true,"href":"https:\/\/obscom.intervozes.org.br\/index.php?rest_route=%2Fwp%2Fv2%2Ftags&post=23089"}],"curies":[{"name":"wp","href":"https:\/\/api.w.org\/{rel}","templated":true}]}}